{"id":1164767,"date":"2026-09-03T09:55:19","date_gmt":"2026-09-03T09:55:19","guid":{"rendered":"https:\/\/www.europesays.com\/fr\/1164767\/"},"modified":"2026-09-03T09:55:19","modified_gmt":"2026-09-03T09:55:19","slug":"girondins-le-comex-va-se-reunir-ce-jeudi-pour-decider-de-lavenir-du-club","status":"publish","type":"post","link":"https:\/\/www.europesays.com\/fr\/1164767\/","title":{"rendered":"Girondins : le COMEX va se r\u00e9unir ce jeudi pour d\u00e9cider de l\u2019avenir du club"},"content":{"rendered":"<p><img decoding=\"async\" src=\"https:\/\/www.europesays.com\/fr\/wp-content\/uploads\/2025\/12\/671_9771dea4f4aa58f5235e415018a5db04.jpg\" alt=\"Girondins : le COMEX va se r\u00e9unir ce jeudi pour d\u00e9cider de l\u2019avenir du club\" class=\"img-responsive mt-3\"\/><\/p>\n<p class=\"text-center mb-3\" style=\"font-size: 14px\">\u00a9 Iconsport<\/p>\n<p>      <strong>Le COMEX de la FFF va d\u00e9cider de l\u2019avenir des Girondins<\/strong><\/p>\n<p style=\"text-align: justify;\">Alors que les recours ont tous \u00e9chou\u00e9, Dominique Delport et les repreneurs ont multipli\u00e9 les \u00e9changes avec le pr\u00e9sident de la FFF pour tenter d\u2019inverser la tendance. Aujourd\u2019hui, l\u2019intervention de la ministre des Sports, Marina Ferrari, aurait chang\u00e9 la donne.<\/p>\n<p style=\"text-align: justify;\">Le Comit\u00e9 ex\u00e9cutif de la FFF va, selon les informations de <a href=\"https:\/\/www.sudouest.fr\/sport\/football\/girondins-de-bordeaux\/info-sud-ouest-girondins-de-bordeaux-le-comex-de-la-fff-se-reunira-jeudi-soir-le-feuilleton-touche-a-sa-fin-30458735.php\" target=\"_blank\" rel=\"noopener nofollow\">Sud Ouest<\/a>, se r\u00e9unir ce jeudi 3 septembre \u00e0 18h30. Les membres du COMEX vont devoir trancher sur l\u2019avenir des Girondins.<\/p>\n<p style=\"text-align: justify;\">Il n\u2019est donc plus question du National 1, mais bien du National 2, avec un projet homologu\u00e9 par le tribunal de commerce et une reprise officielle par Sparta Capital et Park Bench en cas d\u2019avis favorable. \u00c0 l\u2019inverse, une d\u00e9cision d\u00e9favorable entra\u00eenerait le maintien en R\u00e9gional 1, avec la menace d\u2019une liquidation judiciaire de la SASP, et une reconstruction du club par l&rsquo;association.<\/p>\n<p style=\"text-align: justify;\">Apr\u00e8s plusieurs mois de bataille administrative, la fin des proc\u00e9dures et des incertitudes pourrait donc intervenir demain.<\/p>\n<p>&#8211; \u00c0 lire : <strong><a href=\"https:\/\/www.webgirondins.com\/actualite-girondins-girondins-une-seance-d-entrainement-clairsemee-au-haillan-sans-plusieurs-cadres-134392\" target=\"_blank\" rel=\"noopener nofollow\">Girondins : une s\u00e9ance d\u2019entra\u00eenement clairsem\u00e9e au Haillan, sans plusieurs cadres<\/a><\/strong><\/p>\n<p>\u00a0<\/p>\n<p>R\u00e9\u00e9dition article du 2 septembre 2026.<\/p>\n<p>\u00a0<\/p>\n","protected":false},"excerpt":{"rendered":"\u00a9 Iconsport Le COMEX de la FFF va d\u00e9cider de l\u2019avenir des Girondins Alors que les recours ont&hellip;\n","protected":false},"author":2,"featured_media":627853,"comment_status":"","ping_status":"","sticky":false,"template":"","format":"standard","meta":{"footnotes":"","_share_on_mastodon":"0"},"categories":[1410],"tags":[3396,3232,1997,5244,116397,9639,39876,120080,4485,58320,63,1011,27,1987,9272,66238,4565,9144,471,50557,45545,120081,15298,60,51842],"class_list":["post-1164767","post","type-post","status-publish","format-standard","has-post-thumbnail","category-football","tag-avec","tag-avenir","tag-bordeaux","tag-club","tag-comex","tag-comite","tag-connait","tag-decider","tag-dossier","tag-executif","tag-football","tag-fr","tag-france","tag-girondins","tag-jeudi","tag-majeur","tag-nouveau","tag-ouest","tag-pour","tag-rebondissement","tag-reunir","tag-reunira","tag-selon","tag-sports","tag-trancher"],"share_on_mastodon":{"url":"https:\/\/pubeurope.com\/@fr\/117206512342113357","error":""},"_links":{"self":[{"href":"https:\/\/www.europesays.com\/fr\/wp-json\/wp\/v2\/posts\/1164767","targetHints":{"allow":["GET"]}}],"collection":[{"href":"https:\/\/www.europesays.com\/fr\/wp-json\/wp\/v2\/posts"}],"about":[{"href":"https:\/\/www.europesays.com\/fr\/wp-json\/wp\/v2\/types\/post"}],"author":[{"embeddable":true,"href":"https:\/\/www.europesays.com\/fr\/wp-json\/wp\/v2\/users\/2"}],"replies":[{"embeddable":true,"href":"https:\/\/www.europesays.com\/fr\/wp-json\/wp\/v2\/comments?post=1164767"}],"version-history":[{"count":0,"href":"https:\/\/www.europesays.com\/fr\/wp-json\/wp\/v2\/posts\/1164767\/revisions"}],"wp:featuredmedia":[{"embeddable":true,"href":"https:\/\/www.europesays.com\/fr\/wp-json\/wp\/v2\/media\/627853"}],"wp:attachment":[{"href":"https:\/\/www.europesays.com\/fr\/wp-json\/wp\/v2\/media?parent=1164767"}],"wp:term":[{"taxonomy":"category","embeddable":true,"href":"https:\/\/www.europesays.com\/fr\/wp-json\/wp\/v2\/categories?post=1164767"},{"taxonomy":"post_tag","embeddable":true,"href":"https:\/\/www.europesays.com\/fr\/wp-json\/wp\/v2\/tags?post=1164767"}],"curies":[{"name":"wp","href":"https:\/\/api.w.org\/{rel}","templated":true}]}}