{"id":1164772,"date":"2026-09-03T10:00:27","date_gmt":"2026-09-03T10:00:27","guid":{"rendered":"https:\/\/www.europesays.com\/fr\/1164772\/"},"modified":"2026-09-03T10:00:27","modified_gmt":"2026-09-03T10:00:27","slug":"radio-intensite-chartres-braderie-des-commercants","status":"publish","type":"post","link":"https:\/\/www.europesays.com\/fr\/1164772\/","title":{"rendered":"RADIO INTENSITE | CHARTRES &#8211; Braderie des commer\u00e7ants"},"content":{"rendered":"\n<p align=\"JUSTIFY\">Du jeudi 3 au samedi 5 septembre 2026, le centre-ville de Chartres se met \u00e0 l\u2019heure de la rentr\u00e9e avec la traditionnelle Braderie de rentr\u00e9e des commer\u00e7ants, organis\u00e9e par Les Vitrines C\u2019Chartres.<\/p>\n<p align=\"JUSTIFY\">Pendant trois jours, les commer\u00e7ants participants proposeront leurs bonnes affaires, collections et s\u00e9lections de rentr\u00e9e, invitant les Chartrains et visiteurs \u00e0 venir d\u00e9nicher leurs prochaines trouvailles.<\/p>\n<p align=\"JUSTIFY\">Une braderie qui s\u2019agrandit !<\/p>\n<p align=\"JUSTIFY\">Cette \u00e9dition 2026 r\u00e9serve une nouveaut\u00e9 de taille : de nouveaux commerces rejoignent cette ann\u00e9e la Braderie de rentr\u00e9e.<\/p>\n<p align=\"JUSTIFY\">Parmi les nouveaux participants, les enseignes Oka\u00efdi, Jacadi et Capelina viennent enrichir l\u2019offre propos\u00e9e au public. Une participation qui t\u00e9moigne de l\u2019attractivit\u00e9 de ce rendez-vous et offre encore davantage de choix aux amateurs de shopping.<\/p>\n<p align=\"JUSTIFY\">Mode, enfants, accessoires, \u00e9quipement\u2026 la Braderie s\u2019annonce comme le rendez-vous id\u00e9al pour pr\u00e9parer la rentr\u00e9e tout en profitant de belles opportunit\u00e9s.<\/p>\n","protected":false},"excerpt":{"rendered":"Du jeudi 3 au samedi 5 septembre 2026, le centre-ville de Chartres se met \u00e0 l\u2019heure de la&hellip;\n","protected":false},"author":2,"featured_media":1164773,"comment_status":"","ping_status":"","sticky":false,"template":"","format":"standard","meta":{"footnotes":"","_share_on_mastodon":"0"},"categories":[1355],"tags":[4763,20887,20886,4396,10036,340,5738,6961,4150,650,1697,58,20888,59,1939,3696,1349,20889,19290,8181,1011,27,20883,5590,6653,330,1351,10265,20890,635,1361,873,2742,4838,6426,1825,20891,20885,11725,17385,20892,20893,20894,20895,20896,14356,3552,16335,20884,853,517,20897,602,20898,20899],"class_list":["post-1164772","post","type-post","status-publish","format-standard","has-post-thumbnail","category-musique","tag-agenda","tag-agenda-complet","tag-agenda-eure-et-loir","tag-atelier","tag-ateliers","tag-bourse","tag-bourses","tag-brocante","tag-ceremonie","tag-cinema","tag-concert","tag-divertissement","tag-dons-du-sang","tag-entertainment","tag-eure-et-loir","tag-evenements","tag-expositions","tag-fetes-foraines","tag-feux-dartifices","tag-foires","tag-fr","tag-france","tag-idees-sorties","tag-intensite","tag-jeune-public","tag-jeux","tag-litterature","tag-loto","tag-lotos","tag-marches","tag-music","tag-musique","tag-nature","tag-peche","tag-petanque","tag-radio","tag-randonnees","tag-region-centre-val-de-loir","tag-religions","tag-repas","tag-reunions","tag-saison-halloween","tag-saison-noel","tag-saison-telethon","tag-saisons-culturelles","tag-salons","tag-seniors","tag-soirees","tag-sortir-en-eure-et-loir","tag-spectacles","tag-sport","tag-thes-dansants","tag-tourisme","tag-ventes-aux-encheres","tag-visites"],"share_on_mastodon":{"url":"","error":"Validation failed: Text character limit of 500 exceeded"},"_links":{"self":[{"href":"https:\/\/www.europesays.com\/fr\/wp-json\/wp\/v2\/posts\/1164772","targetHints":{"allow":["GET"]}}],"collection":[{"href":"https:\/\/www.europesays.com\/fr\/wp-json\/wp\/v2\/posts"}],"about":[{"href":"https:\/\/www.europesays.com\/fr\/wp-json\/wp\/v2\/types\/post"}],"author":[{"embeddable":true,"href":"https:\/\/www.europesays.com\/fr\/wp-json\/wp\/v2\/users\/2"}],"replies":[{"embeddable":true,"href":"https:\/\/www.europesays.com\/fr\/wp-json\/wp\/v2\/comments?post=1164772"}],"version-history":[{"count":0,"href":"https:\/\/www.europesays.com\/fr\/wp-json\/wp\/v2\/posts\/1164772\/revisions"}],"wp:featuredmedia":[{"embeddable":true,"href":"https:\/\/www.europesays.com\/fr\/wp-json\/wp\/v2\/media\/1164773"}],"wp:attachment":[{"href":"https:\/\/www.europesays.com\/fr\/wp-json\/wp\/v2\/media?parent=1164772"}],"wp:term":[{"taxonomy":"category","embeddable":true,"href":"https:\/\/www.europesays.com\/fr\/wp-json\/wp\/v2\/categories?post=1164772"},{"taxonomy":"post_tag","embeddable":true,"href":"https:\/\/www.europesays.com\/fr\/wp-json\/wp\/v2\/tags?post=1164772"}],"curies":[{"name":"wp","href":"https:\/\/api.w.org\/{rel}","templated":true}]}}