{"id":1164774,"date":"2026-09-03T10:02:14","date_gmt":"2026-09-03T10:02:14","guid":{"rendered":"https:\/\/www.europesays.com\/fr\/1164774\/"},"modified":"2026-09-03T10:02:14","modified_gmt":"2026-09-03T10:02:14","slug":"cancer-de-la-peau-faute-de-dermatos-les-kines-et-infirmiers-peuvent-reperer-des-lesions-suspectes","status":"publish","type":"post","link":"https:\/\/www.europesays.com\/fr\/1164774\/","title":{"rendered":"Cancer de la peau\u00a0: Faute de dermatos, les kin\u00e9s et infirmiers peuvent rep\u00e9rer des l\u00e9sions suspectes"},"content":{"rendered":"<p>Un grain de beaut\u00e9 qui change, un doute qui s\u2019installe\u2026 mais aucun dermatologue disponible avant avril\u00a02027. Face au risque de <a href=\"https:\/\/www.20minutes.fr\/sante\/4159368-20250621-canicule-protegez-enfants-pourquoi-bretagne-enregistre-trois-fois-plus-cancers-peau\" class=\"c-link c-link--is-underlined\" rel=\"nofollow noopener\" target=\"_blank\">cancer de la peau<\/a>, et notamment de <a href=\"https:\/\/www.20minutes.fr\/sante\/4155746-20250527-cancer-rayons-uv-responsables-plus-80-melanomes-monde\" class=\"c-link c-link--is-underlined\" rel=\"nofollow noopener\" target=\"_blank\">m\u00e9lanome<\/a>, mieux vaut pourtant faire examiner rapidement une l\u00e9sion suspecte\u00a0: plus le cancer est d\u00e9tect\u00e9 t\u00f4t, meilleur est le pronostic. Et si votre kin\u00e9 ou votre infirmi\u00e8re \u00e9tait le premier \u00e0 tirer la sonnette d\u2019alarme\u00a0? Face \u00e0 la <a href=\"https:\/\/www.20minutes.fr\/sante\/4194642-20260112-greve-medecins-jusqu-six-mois-voir-dermato-loi-va-aggraver-penurie-craint-profession\" class=\"c-link c-link--is-underlined\" rel=\"nofollow noopener\" target=\"_blank\">p\u00e9nurie de dermatologues<\/a>, de plus en plus de professionnels de sant\u00e9 se forment au rep\u00e9rage des l\u00e9sions suspectes.<\/p>\n<p>\u00ab\u00a0Des patients nous demandent parfois ce qu\u2019on pense d\u2019un <a href=\"https:\/\/www.20minutes.fr\/sante\/4221030-20260514-applis-bornes-generaliste-comment-faire-controler-grains-beaute-faute-rendez-chez-dermato\" class=\"c-link c-link--is-underlined\" rel=\"nofollow noopener\" target=\"_blank\">grain de beaut\u00e9 qui \u00e9volue<\/a>\u00a0\u00bb, t\u00e9moigne Xavier Font, kin\u00e9sith\u00e9rapeute \u00e0 Narbonne et vice-pr\u00e9sident de l\u2019URPS MK (Union R\u00e9gionale des Professionnels de Sant\u00e9 lib\u00e9raux Masseurs-Kin\u00e9sith\u00e9rapeutes) d\u2019Occitanie. \u00ab\u00a0Il arrive qu\u2019ils nous en parlent car on les voit r\u00e9guli\u00e8rement et sur de longues p\u00e9riodes.\u00a0\u00bb<\/p>\n<p>T\u00e9l\u00e9expertise avec un dermato<\/p>\n<p>Le kin\u00e9sith\u00e9rapeute est \u00e0 l\u2019initiative d\u2019une exp\u00e9rimentation men\u00e9e depuis un an dans sa r\u00e9gion. Gr\u00e2ce \u00e0 un dermatologue, l\u2019URPS MK d\u2019Occitanie a form\u00e9 un kin\u00e9 par d\u00e9partement, soit 13 au total, \u00e0 la d\u00e9tection de l\u00e9sions suspectes. R\u00e9sultat\u00a0: sur les 35 actes de rep\u00e9rage r\u00e9alis\u00e9s depuis un an, quatre <a href=\"https:\/\/www.20minutes.fr\/monde\/4157200-20250605-etats-unis-presentateur-tv-apprend-direct-atteint-cancer-peau\" class=\"c-link c-link--is-underlined\" rel=\"nofollow noopener\" target=\"_blank\">carcinomes<\/a> et deux m\u00e9lanomes n\u00e9cessitant une prise en charge ont \u00e9t\u00e9 d\u00e9cel\u00e9s, selon l\u2019organisation. \u00ab\u00a0Les kin\u00e9s vont faire du d\u00e9pistage opportuniste, dans leur propre patient\u00e8le\u00a0\u00bb, explique Xavier Font.<\/p>\n<p>Avec l\u2019aide financi\u00e8re de l\u2019ARS, chaque kin\u00e9 form\u00e9 a \u00e9t\u00e9 \u00e9quip\u00e9 d\u2019un dermatoscope, sorte de mini-microscope permettant d\u2019avoir une image nette. En cas de l\u00e9sion suspecte, il transmet les images \u00e0 un m\u00e9decin g\u00e9n\u00e9raliste form\u00e9 en dermatologie ou \u00e0 un dermatologue via une plateforme s\u00e9curis\u00e9e. Seul ce dernier peut poser un diagnostic. Pour chaque t\u00e9l\u00e9expertise, le kin\u00e9 per\u00e7oit 10 euros, contre un peu plus du double pour le m\u00e9decin.<\/p>\n<\/p>\n<p>Le risque de surcharger les m\u00e9decins d\u2019images<\/p>\n<p>Les infirmiers s\u2019y mettent aussi. En effectuant un pansement, un bandage ou une toilette, ils peuvent rep\u00e9rer une anomalie cutan\u00e9e, comme un changement de couleur ou de forme d\u2019une l\u00e9sion. \u00ab\u00a0S\u2019il y a bien une profession qui voit les gens tous nus, c\u2019est nous\u00a0\u00bb, r\u00e9sume en rigolant Diane Braccagni, pr\u00e9sidente de l\u2019Organisation nationale des syndicats d\u2019infirmiers lib\u00e9raux (Onsil) et infirmi\u00e8re lib\u00e9rale dans le Perche.<\/p>\n<p>\u00ab\u00a0La formation n\u2019est pas obligatoire mais c\u2019est une question de conscience professionnelle, souligne l\u2019infirmi\u00e8re qui pratique la t\u00e9l\u00e9expertise dermato depuis trois ans. L\u2019id\u00e9e est de ne surtout pas surcharger les m\u00e9decins avec des photos de l\u00e9sions tout \u00e0 fait b\u00e9nignes.\u00a0\u00bb<\/p>\n<p>Des outils d\u2019intelligence artificielle<\/p>\n<p>Afin d\u2019aider les professionnels de sant\u00e9 \u00e0 diff\u00e9rencier l\u00e9sions b\u00e9nignes et suspectes, des dispositifs couplant dermatoscope, application d\u2019intelligence artificielle et t\u00e9l\u00e9expertise ont \u00e9merg\u00e9. La Soci\u00e9t\u00e9 fran\u00e7aise de dermatologie a <a href=\"https:\/\/www.20minutes.fr\/sante\/4164055-20250717-cancers-dermatologues-alertent-derives-depistage-ia\" class=\"c-link c-link--is-underlined\" rel=\"nofollow noopener\" target=\"_blank\">appel\u00e9 \u00e0 la vigilance sur ces dispositifs<\/a>. Certains patients auraient \u00e9t\u00e9 faussement rassur\u00e9s par les r\u00e9sultats d\u00e9livr\u00e9s, entra\u00eenant des retards de diagnostic.<\/p>\n<p>Plus globalement, la t\u00e9l\u00e9expertise ne s\u00e9duit pas tous les professionnels de sant\u00e9. \u00ab\u00a0Je l\u2019utilise pour les probl\u00e8mes de peau qui ne mettent pas en jeu la vie du patient car je peux d\u00e9livrer le traitement prescrit\u00a0\u00bb, estime Eric Myon, secr\u00e9taire g\u00e9n\u00e9ral de l\u2019Union des pharmacies group\u00e9es de France (UPGF). En t\u00e9l\u00e9expertise, les m\u00e9decins peuvent se trouver aux quatre coins de la France. \u00ab\u00a0Si l\u2019un d\u2019entre eux diagnostique un m\u00e9lanome ou un carcinome et qu\u2019il n\u2019y a pas de dermatologue disponible rapidement dans mon secteur, je fais quoi\u00a0?\u00a0\u00bb, s\u2019interroge le pharmacien. <\/p>\n<p>Un probl\u00e8me d\u2019autant plus important que l\u2019image seule ne permet pas toujours de trancher. En cas de suspicion de <a href=\"https:\/\/www.20minutes.fr\/sante\/4239956-20260819-cancer-peau-deux-laboratoires-americains-annoncent-resultats-encourageant-vaccin-therapeutique\" class=\"c-link c-link--is-underlined\" rel=\"nofollow noopener\" target=\"_blank\">cancer de la peau<\/a>, un pr\u00e9l\u00e8vement suivi d\u2019un examen anatomopathologique peut \u00eatre n\u00e9cessaire pour confirmer le diagnostic.<\/p>\n<p>Un \u00ab\u00a0maillage local\u00a0\u00bb \u00e0 privil\u00e9gier<\/p>\n<p>Dans son officine du 8e\u00a0arrondissement de Paris, Eric Myon a opt\u00e9 pour une autre solution\u00a0: cr\u00e9er un \u00ab\u00a0maillage local\u00a0\u00bb. Apr\u00e8s de longues recherches, il a trouv\u00e9 un m\u00e9decin g\u00e9n\u00e9raliste vers qui diriger les personnes qui se posent des questions quant \u00e0 une l\u00e9sion cutan\u00e9e. Le m\u00e9decin s\u2019est engag\u00e9 \u00e0 voir ces patients sous 15 jours. Et si ce dernier a un doute, il contactera un onco-dermatologue qui a lui aussi assur\u00e9 prendre rapidement ces patients.<\/p>\n<p>Un travail en \u00e9quipe que privil\u00e9gie \u00e9galement la pr\u00e9sidente de l\u2019Onsil. \u00ab\u00a0A la rentr\u00e9e, avec mon \u00e9quipe de soins primaires compos\u00e9e d\u2019un pharmacien, un m\u00e9decin, un kin\u00e9 et une infirmi\u00e8re, nous allons faire des journ\u00e9es de d\u00e9pistage, se r\u00e9jouit Diane Braccagni. On va essayer de s\u2019\u00e9quiper d\u2019un dermatoscope et inviter les patients qui ont un doute \u00e0 venir.\u00a0\u00bb<\/p>\n","protected":false},"excerpt":{"rendered":"Un grain de beaut\u00e9 qui change, un doute qui s\u2019installe\u2026 mais aucun dermatologue disponible avant avril\u00a02027. Face au&hellip;\n","protected":false},"author":2,"featured_media":1164775,"comment_status":"","ping_status":"","sticky":false,"template":"","format":"standard","meta":{"footnotes":"","_share_on_mastodon":"0"},"categories":[10],"tags":[47,23494,1011,27,72,5112,23496,9854,15299,71],"class_list":["post-1164774","post","type-post","status-publish","format-standard","has-post-thumbnail","category-sante","tag-actualite","tag-cancer-de-la-peau","tag-fr","tag-france","tag-health","tag-infirmiere","tag-melanome","tag-peau","tag-pharmacie","tag-sante"],"share_on_mastodon":{"url":"https:\/\/pubeurope.com\/@fr\/117206538378173755","error":""},"_links":{"self":[{"href":"https:\/\/www.europesays.com\/fr\/wp-json\/wp\/v2\/posts\/1164774","targetHints":{"allow":["GET"]}}],"collection":[{"href":"https:\/\/www.europesays.com\/fr\/wp-json\/wp\/v2\/posts"}],"about":[{"href":"https:\/\/www.europesays.com\/fr\/wp-json\/wp\/v2\/types\/post"}],"author":[{"embeddable":true,"href":"https:\/\/www.europesays.com\/fr\/wp-json\/wp\/v2\/users\/2"}],"replies":[{"embeddable":true,"href":"https:\/\/www.europesays.com\/fr\/wp-json\/wp\/v2\/comments?post=1164774"}],"version-history":[{"count":0,"href":"https:\/\/www.europesays.com\/fr\/wp-json\/wp\/v2\/posts\/1164774\/revisions"}],"wp:featuredmedia":[{"embeddable":true,"href":"https:\/\/www.europesays.com\/fr\/wp-json\/wp\/v2\/media\/1164775"}],"wp:attachment":[{"href":"https:\/\/www.europesays.com\/fr\/wp-json\/wp\/v2\/media?parent=1164774"}],"wp:term":[{"taxonomy":"category","embeddable":true,"href":"https:\/\/www.europesays.com\/fr\/wp-json\/wp\/v2\/categories?post=1164774"},{"taxonomy":"post_tag","embeddable":true,"href":"https:\/\/www.europesays.com\/fr\/wp-json\/wp\/v2\/tags?post=1164774"}],"curies":[{"name":"wp","href":"https:\/\/api.w.org\/{rel}","templated":true}]}}