{"id":1164783,"date":"2026-09-03T10:08:17","date_gmt":"2026-09-03T10:08:17","guid":{"rendered":"https:\/\/www.europesays.com\/fr\/1164783\/"},"modified":"2026-09-03T10:08:17","modified_gmt":"2026-09-03T10:08:17","slug":"en-direct-guerre-au-moyen-orient-liran-dit-avoir-vise-des-bases-americaines-au-koweit-et-aux-emirats-arabes-unis","status":"publish","type":"post","link":"https:\/\/www.europesays.com\/fr\/1164783\/","title":{"rendered":"EN DIRECT &#8211; Guerre au Moyen-Orient : l&rsquo;Iran dit avoir vis\u00e9 des bases am\u00e9ricaines au Kowe\u00eft et aux \u00c9mirats arabes unis"},"content":{"rendered":"<p>Alors que Trump menace \u00e0 nouveau de frapper durement l\u2019Iran, le Pentagone envisage de prolonger les d\u00e9ploiements au Moyen-Orient jusqu\u2019en 2027, accentuant la pression sur les troupes. Donald Trump a confi\u00e9 \u00e0 ses conseillers, en priv\u00e9, qu\u2019il \u00e9tait convaincu que sa strat\u00e9gie finirait par porter ses fruits, gr\u00e2ce aux 50 000 soldats toujours disponibles qui lui offrent plusieurs options.<\/p>\n<p>Il y a six mois, lorsque les \u00c9tats-Unis ont lanc\u00e9 leur campagne contre l\u2019Iran , le secr\u00e9taire \u00e0 la D\u00e9fense, Pete Hegseth, avait promis une frappe rapide et d\u00e9cisive qui \u00e9viterait un long enlisement. Or, selon des sources proches du dossier, il prolonge discr\u00e8tement le d\u00e9ploiement des troupes, signe que le conflit pourrait s\u2019\u00e9terniser jusqu\u2019\u00e0 l\u2019ann\u00e9e prochaine.<\/p>\n<p>Selon ces sources, ce d\u00e9ploiement s\u2019inscrit dans une strat\u00e9gie militaire flexible visant \u00e0 offrir au pr\u00e9sident Trump un \u00e9ventail d\u2019options dans le conflit. Toutefois, le d\u00e9ploiement de 19 navires de guerre, d\u2019unit\u00e9s de d\u00e9fense a\u00e9rienne, d\u2019escadrons de chasse et de parachutistes dans toute la r\u00e9gion met \u00e0 rude \u00e9preuve les militaires et leurs familles et engendre un retard consid\u00e9rable en mati\u00e8re de maintenance, qui pourrait prendre des ann\u00e9es \u00e0 r\u00e9sorber.<\/p>\n","protected":false},"excerpt":{"rendered":"Alors que Trump menace \u00e0 nouveau de frapper durement l\u2019Iran, le Pentagone envisage de prolonger les d\u00e9ploiements au&hellip;\n","protected":false},"author":2,"featured_media":796389,"comment_status":"","ping_status":"","sticky":false,"template":"","format":"standard","meta":{"footnotes":"","_share_on_mastodon":"0"},"categories":[5],"tags":[1111,11,1921,5925,73,1011,27,1922,14,3019,113758,12,2543,133,1920,28],"class_list":["post-1164783","post","type-post","status-publish","format-standard","has-post-thumbnail","category-international","tag-actu","tag-actualites","tag-article-video","tag-conflits-et-guerre","tag-etats-unis","tag-fr","tag-france","tag-info","tag-international","tag-iran","tag-moyen-orient-le-bras-de-fer-se-poursuit-entre-liran-et-les-etats-unis","tag-news","tag-relations-internationales","tag-video","tag-video-international","tag-world"],"share_on_mastodon":{"url":"https:\/\/pubeurope.com\/@fr\/117206561843121723","error":""},"_links":{"self":[{"href":"https:\/\/www.europesays.com\/fr\/wp-json\/wp\/v2\/posts\/1164783","targetHints":{"allow":["GET"]}}],"collection":[{"href":"https:\/\/www.europesays.com\/fr\/wp-json\/wp\/v2\/posts"}],"about":[{"href":"https:\/\/www.europesays.com\/fr\/wp-json\/wp\/v2\/types\/post"}],"author":[{"embeddable":true,"href":"https:\/\/www.europesays.com\/fr\/wp-json\/wp\/v2\/users\/2"}],"replies":[{"embeddable":true,"href":"https:\/\/www.europesays.com\/fr\/wp-json\/wp\/v2\/comments?post=1164783"}],"version-history":[{"count":0,"href":"https:\/\/www.europesays.com\/fr\/wp-json\/wp\/v2\/posts\/1164783\/revisions"}],"wp:featuredmedia":[{"embeddable":true,"href":"https:\/\/www.europesays.com\/fr\/wp-json\/wp\/v2\/media\/796389"}],"wp:attachment":[{"href":"https:\/\/www.europesays.com\/fr\/wp-json\/wp\/v2\/media?parent=1164783"}],"wp:term":[{"taxonomy":"category","embeddable":true,"href":"https:\/\/www.europesays.com\/fr\/wp-json\/wp\/v2\/categories?post=1164783"},{"taxonomy":"post_tag","embeddable":true,"href":"https:\/\/www.europesays.com\/fr\/wp-json\/wp\/v2\/tags?post=1164783"}],"curies":[{"name":"wp","href":"https:\/\/api.w.org\/{rel}","templated":true}]}}