{"id":1164796,"date":"2026-09-03T10:16:15","date_gmt":"2026-09-03T10:16:15","guid":{"rendered":"https:\/\/www.europesays.com\/fr\/1164796\/"},"modified":"2026-09-03T10:16:15","modified_gmt":"2026-09-03T10:16:15","slug":"top-14-federico-mori-ou-rob-du-preez-quelle-option-en-12-pour-bayonne-face-a-toulon","status":"publish","type":"post","link":"https:\/\/www.europesays.com\/fr\/1164796\/","title":{"rendered":"Top 14 &#8211; Federico Mori ou Rob du Preez, quelle option en 12 pour Bayonne face \u00e0 Toulon ?"},"content":{"rendered":"<p>\n                Contre Toulon, le staff de l\u2019Aviron bayonnais envisage de titulariser Federico Mori au poste de premier centre, ou la recrue sud-africaine Robert du Preez. Une d\u00e9cision sera prise, au dernier moment, en fonction de l\u2019\u00e9tat de la cheville de Joris Segonds.\n            <\/p>\n<p>Federico Mori a le sourire. \u00c0 trois jours de la reprise de la saison, sa quatri\u00e8me d\u00e9j\u00e0 sur les bords de Nive, le trois-quarts centre est sur le pont. Il fait partie des centres disponibles pour affronter Toulon et s\u2019avance comme un candidat l\u00e9gitime pour d\u00e9marrer la partie, samedi soir, avec le num\u00e9ro douze dans le dos. Si la tendance se confirme, cela serait une premi\u00e8re pour l\u2019international italien, qui a souvent manqu\u00e9 les d\u00e9buts du championnat pour cause de blessures. Mardi et mercredi, l\u2019Italien s\u2019est entra\u00een\u00e9 aux c\u00f4t\u00e9s de Sireli Maqala au milieu de l\u2019attaque basque. La donne pourrait-elle changer d\u2019ici samedi ? Cela d\u00e9pendra de l\u2019\u00e9tat de la cheville de Joris Segonds.<\/p>\n<p>L\u2019ouvreur et ma\u00eetre \u00e0 jouer de l\u2019Aviron bayonnais n\u2019a pas particip\u00e9 aux diff\u00e9rentes s\u00e9ances du d\u00e9but de semaine. \u00ab\u00a0On a h\u00e9sit\u00e9 sur le fait que Joris participe \u00e0 l\u2019entra\u00eenement d&rsquo;aujourd&rsquo;hui, a indiqu\u00e9 mercredi midi Gerard Fraser. On a d\u00e9cid\u00e9 que non, car \u00e7a ne valait pas le coup. Au pire, il sera l\u00e0 lundi.\u00a0\u00bb\u00a0Dans le meilleur des cas ? On comprend, entre les lignes, que Segonds sera sur la pelouse de Jean-Dauger samedi et il pourrait alors r\u00e9cup\u00e9rer le num\u00e9ro 10, en lieu et place de Robert du Preez, qui s\u2019est entra\u00een\u00e9 \u00e0 l\u2019ouverture jusque-l\u00e0. Le Sud-Africain pourrait alors glisser en 12, et cette configuration test\u00e9e en amical contre Toulouse a \u00e9t\u00e9 appr\u00e9ci\u00e9e au sein du staff.<\/p>\n<p>La vision de Rob du Preez, la puissance de Federico Mori\u2026<\/p>\n<p>Il faut dire que Rob du Preez, arriv\u00e9 cet \u00e9t\u00e9 \u00e0 Bayonne, a la chance d\u2019\u00eatre polyvalent, puisqu\u2019il peut couvrir trois postes derri\u00e8re (ouvreur, centre, arri\u00e8re). Il poss\u00e8de aussi une solide exp\u00e9rience du haut niveau et donne d\u00e9j\u00e0 satisfaction en interne. \u00ab\u00a0Rob a un impact sur les joueurs autour de lui par sa simple pr\u00e9sence, d\u00e9crit Fraser. Il est calme, communique bien et voit les coups. Il a un feeling avec le jeu. Il arrive \u00e0 coincer l\u2019adversaire avec son pied et peut \u00eatre une menace ballon en main\u2026\u00a0\u00bb<\/p>\n<p>Federico Mori, lui, \u00e9volue dans un tout autre registre. M\u00eame si le gaillard a perdu pr\u00e8s de cinq kilos \u00e0 l\u2019intersaison \u00e0 la suite du gros travail effectu\u00e9 pendant l\u2019\u00e9t\u00e9 &#8211; \u00ab\u00a0j\u2019\u00e9tais \u00e0 110,5 et maintenant je suis \u00e0 106\u00a0\u00bb\u00a0&#8211; il poss\u00e8de une densit\u00e9 physique pr\u00e9cieuse pour cr\u00e9er du danger ballon en main. \u00ab\u00a0J\u2019attends qu\u2019il ait un jeu tr\u00e8s agressif au contact. Il a un gabarit et des capacit\u00e9s de vitesse pour \u00eatre explosif, m\u00eame s\u2019il est costaud. Je souhaite aussi qu\u2019il arrive \u00e0 encha\u00eener les t\u00e2ches, qu\u2019il soit connect\u00e9 au jeu, tout en \u00e9tant tr\u00e8s actif\u00a0\u00bb, souffle Gerard Fraser.\u00a0\u00ab\u00a0Je veux essayer de faire avancer l\u2019\u00e9quipe sur les premi\u00e8res phases, ajoute l\u2019int\u00e9ress\u00e9, trouver les espaces s\u2019il faut et jouer les duels avec mes copains.\u00a0\u00bb\u00a0Au bout du compte, une chose est s\u00fbre. Que du Preez ou Mori d\u00e9marre la partie en douze, face \u00e0 Ga\u00ebl Fickou et ses partenaires, le duel au milieu du terrain s\u2019annonce, ce week-end, \u00e0 la fois ind\u00e9cis, brutal et diablement excitant\u2026<\/p>\n","protected":false},"excerpt":{"rendered":"Contre Toulon, le staff de l\u2019Aviron bayonnais envisage de titulariser Federico Mori au poste de premier centre, ou&hellip;\n","protected":false},"author":2,"featured_media":1164797,"comment_status":"","ping_status":"","sticky":false,"template":"","format":"standard","meta":{"footnotes":"","_share_on_mastodon":"0"},"categories":[9619],"tags":[1111,11,1777,674,1011,27,12,882,25,2115,478,2310],"class_list":["post-1164796","post","type-post","status-publish","format-standard","has-post-thumbnail","category-toulon","tag-actu","tag-actualites","tag-eu","tag-europe","tag-fr","tag-france","tag-news","tag-provence-alpes-cote-dazur","tag-republique-francaise","tag-rugby-a-xv","tag-top-14","tag-toulon"],"share_on_mastodon":{"url":"https:\/\/pubeurope.com\/@fr\/117206593513851628","error":""},"_links":{"self":[{"href":"https:\/\/www.europesays.com\/fr\/wp-json\/wp\/v2\/posts\/1164796","targetHints":{"allow":["GET"]}}],"collection":[{"href":"https:\/\/www.europesays.com\/fr\/wp-json\/wp\/v2\/posts"}],"about":[{"href":"https:\/\/www.europesays.com\/fr\/wp-json\/wp\/v2\/types\/post"}],"author":[{"embeddable":true,"href":"https:\/\/www.europesays.com\/fr\/wp-json\/wp\/v2\/users\/2"}],"replies":[{"embeddable":true,"href":"https:\/\/www.europesays.com\/fr\/wp-json\/wp\/v2\/comments?post=1164796"}],"version-history":[{"count":0,"href":"https:\/\/www.europesays.com\/fr\/wp-json\/wp\/v2\/posts\/1164796\/revisions"}],"wp:featuredmedia":[{"embeddable":true,"href":"https:\/\/www.europesays.com\/fr\/wp-json\/wp\/v2\/media\/1164797"}],"wp:attachment":[{"href":"https:\/\/www.europesays.com\/fr\/wp-json\/wp\/v2\/media?parent=1164796"}],"wp:term":[{"taxonomy":"category","embeddable":true,"href":"https:\/\/www.europesays.com\/fr\/wp-json\/wp\/v2\/categories?post=1164796"},{"taxonomy":"post_tag","embeddable":true,"href":"https:\/\/www.europesays.com\/fr\/wp-json\/wp\/v2\/tags?post=1164796"}],"curies":[{"name":"wp","href":"https:\/\/api.w.org\/{rel}","templated":true}]}}