{"id":1164816,"date":"2026-09-03T10:32:32","date_gmt":"2026-09-03T10:32:32","guid":{"rendered":"https:\/\/www.europesays.com\/fr\/1164816\/"},"modified":"2026-09-03T10:32:32","modified_gmt":"2026-09-03T10:32:32","slug":"un-nouveau-college-de-400-eleves-va-pousser-dans-cette-commune-pres-de-nice-voici-a-quoi-il-va-ressembler","status":"publish","type":"post","link":"https:\/\/www.europesays.com\/fr\/1164816\/","title":{"rendered":"Un nouveau coll\u00e8ge de 400 \u00e9l\u00e8ves va pousser dans cette commune pr\u00e8s de Nice : voici \u00e0 quoi il va ressembler"},"content":{"rendered":"<p>                    Par<br \/>\n        <strong><br \/>\n            <a href=\"https:\/\/actu.fr\/auteur\/manon-reinhardt\" title=\"Consulter tous les articles de Manon Reinhardt\" rel=\"nofollow noopener\" target=\"_blank\">Manon Reinhardt<\/a><br \/>\n                    <\/strong><\/p>\n<p>        Publi\u00e9 le<\/p>\n<p>            3 sept. 2026 \u00e0 10h24        <\/p>\n<p>D\u2019ici 2030, un tout nouveau coll\u00e8ge poussera dans le d\u00e9partement des <a href=\"https:\/\/actu.fr\/provence-alpes-cote-d-azur\/alpes-maritimes_06\" rel=\"nofollow noopener\" target=\"_blank\">Alpes-Maritimes<\/a>. Il sera situ\u00e9 \u00e0 Levens, \u00e0 quelques kilom\u00e8tres de <a href=\"https:\/\/actu.fr\/nice\/\" rel=\"nofollow noopener\" target=\"_blank\">Nice<\/a>, et accueillera plusieurs centaines\u00a0d\u2019\u00e9l\u00e8ves. Une aubaine pour les parents qui vivent dans les vall\u00e9es. Ce mercredi 2\u00a0septembre 2026, la premi\u00e8re pierre a \u00e9t\u00e9 pos\u00e9e, en pr\u00e9sence de nombreux \u00e9lus, lan\u00e7ant officiellement les travaux.<\/p>\n<p>Il int\u00e9grera un internat, un plateau sportif et une cuisine collective<\/p>\n<p class=\" wall-content\">Chapeaut\u00e9 par le d\u00e9partement des Alpes-Maritimes, ce projet \u00e0 <strong>43\u00a0millions d\u2019euros<\/strong> doit permettre de d\u00e9sengorger les coll\u00e8ges alentour. D\u2019ici 2030, un nouvel \u00e9tablissement va pousser \u00e0 Levens.<\/p>\n<p class=\" wall-content\">Ce mercredi, la premi\u00e8re pierre a symboliquement \u00e9t\u00e9 pos\u00e9e en pr\u00e9sence de Charles Ange Gin\u00e9sy, pr\u00e9sident du d\u00e9partement mais \u00e9galement d\u2019<a href=\"https:\/\/actu.fr\/tag\/eric-ciotti\" rel=\"nofollow noopener\" target=\"_blank\">\u00c9ric Ciotti<\/a>, pr\u00e9sident de la M\u00e9tropole Nice C\u00f4te d\u2019Azur, et Antoine V\u00e9ran, maire de Levens.<\/p>\n<p class=\" wall-content\">\n<p class=\" wall-content\">Le coll\u00e8ge accueillera 400\u00a0\u00e9l\u00e8ves, un internat de 40 places, un plateau sportif et une cuisine collective <strong>qui alimentera les \u00e9coles voisines<\/strong>.<\/p>\n<p>Un b\u00e2timent \u00ab\u2009sobre, innovant et exemplaire\u2009\u00bb<\/p>\n<p class=\" wall-content\">\u00ab\u2009Ce n\u2019est pas qu\u2019un b\u00e2timent, ce futur coll\u00e8ge est un mod\u00e8le d\u2019excellence <strong>labellis\u00e9 B\u00e2timent Durable M\u00e9diterran\u00e9en niveau Or<\/strong>, qui se veut sobre, innovant, exemplaire. En offrant aux \u00e9l\u00e8ves un \u00e9tablissement adapt\u00e9 aux enjeux de demain, le D\u00e9partement contribue \u00e0 am\u00e9liorer les conditions de r\u00e9ussite et de vie scolaire, tout en renfor\u00e7ant les services publics de proximit\u00e9 et l\u2019attractivit\u00e9 du territoire\u2009\u00bb, s\u2019est\u00a0r\u00e9joui le pr\u00e9sident de la collectivit\u00e9.<\/p>\n<p class=\" wall-content\"><strong>Voici \u00e0 quoi il va ressembler\u2009:<\/strong><\/p>\n<p class=\" wall-content\">\n    <img   decoding=\"async\" loading=\"lazy\" src=\"https:\/\/www.europesays.com\/fr\/wp-content\/uploads\/2026\/09\/sarl-dachitecture-mil-lieux-mirage-1-960x640.png\" alt=\"Le b\u00e2timent sera con\u00e7u pour supporter de fortes chaleurs.\" width=\"960\" height=\"640\"\/><br \/>\n    Le b\u00e2timent sera con\u00e7u pour supporter de fortes chaleurs. (\u00a9Cabinet Mil Lieux)<br \/>\n    <img   decoding=\"async\" loading=\"lazy\" src=\"https:\/\/www.europesays.com\/fr\/wp-content\/uploads\/2026\/09\/sarl-dachitecture-mil-lieux-mirage-3-960x640.png\" alt=\"Le futur coll\u00e8ge de Levens, selon les projections du cabinet d'architecture Mil Lieux.\" width=\"960\" height=\"640\"\/><br \/>\n    Le futur coll\u00e8ge de Levens, selon les projections 3D livr\u00e9es par le cabinet d\u2019architecture Mil Lieux. (\u00a9Cabinet Mil Lieux)<br \/>\n    <img   decoding=\"async\" loading=\"lazy\" src=\"https:\/\/www.europesays.com\/fr\/wp-content\/uploads\/2026\/09\/sarl-dachitecture-mil-lieux-960x640.jpg\" alt=\"L\u00e9gende\" width=\"960\" height=\"640\"\/><br \/>\n    Cet investissement est r\u00e9alis\u00e9 dans le cadre du plan Coll\u00e8ges 2028, men\u00e9 par le d\u00e9partement des Alpes-Maritimes. (\u00a9Cabinet Mil Lieux)<\/p>\n<p class=\" wall-content\">\u00ab\u2009Moderne et durable, il int\u00e9grera des mat\u00e9riaux biosourc\u00e9s, la r\u00e9utilisation des terres du site et une forte int\u00e9gration paysag\u00e8re\u2009\u00bb, pr\u00e9cise Charles Ange Gin\u00e9sy. \u00c0 l\u2019heure o\u00f9 les canicules arrivent de plus en plus t\u00f4t, et s\u2019\u00e9ternisent, <strong>l\u2019\u00e9tablissement sera con\u00e7u pour supporter les fortes chaleurs<\/strong> et ainsi, abritera un syst\u00e8me de ventilation naturelle gr\u00e2ce \u00e0 son isolation.<\/p>\n<p class=\" wall-content\">Il devrait ouvrir ses portes pour la rentr\u00e9e 2028-2029 et soulagera le coll\u00e8ge Ren\u00e9-Cassin \u00e0 Tourrette-Levens, satur\u00e9, qui accueille actuellement 700\u00a0\u00e9l\u00e8ves.<\/p>\n<p class=\" wall-content\">Personnalisez votre actualit\u00e9 en ajoutant vos villes et m\u00e9dias en favori avec <a href=\"https:\/\/moncompte.actu.fr\" title=\"D\u00e9couvez Mon Actu\" rel=\"nofollow noopener\" data-trk=\"{&quot;cta&quot;:{&quot;action&quot;:&quot;https:\\\/\\\/moncompte.actu.fr&quot;,&quot;category&quot;:&quot;mon compte&quot;,&quot;from&quot;:&quot;article footer&quot;,&quot;name&quot;:&quot;Mon actu&quot;,&quot;type&quot;:&quot;cta&quot;}}\" target=\"_blank\">Mon Actu<\/a>.<\/p>\n","protected":false},"excerpt":{"rendered":"Par Manon Reinhardt Publi\u00e9 le 3 sept. 2026 \u00e0 10h24 D\u2019ici 2030, un tout nouveau coll\u00e8ge poussera dans&hellip;\n","protected":false},"author":2,"featured_media":1164817,"comment_status":"","ping_status":"","sticky":false,"template":"","format":"standard","meta":{"footnotes":"","_share_on_mastodon":"0"},"categories":[2819],"tags":[1111,11,1777,674,1011,27,12,2401,882,25,104,2086,1352],"class_list":["post-1164816","post","type-post","status-publish","format-standard","has-post-thumbnail","category-nice","tag-actu","tag-actualites","tag-eu","tag-europe","tag-fr","tag-france","tag-news","tag-nice","tag-provence-alpes-cote-dazur","tag-republique-francaise","tag-societe","tag-travaux","tag-urbanisme"],"share_on_mastodon":{"url":"https:\/\/pubeurope.com\/@fr\/117206659810732081","error":""},"_links":{"self":[{"href":"https:\/\/www.europesays.com\/fr\/wp-json\/wp\/v2\/posts\/1164816","targetHints":{"allow":["GET"]}}],"collection":[{"href":"https:\/\/www.europesays.com\/fr\/wp-json\/wp\/v2\/posts"}],"about":[{"href":"https:\/\/www.europesays.com\/fr\/wp-json\/wp\/v2\/types\/post"}],"author":[{"embeddable":true,"href":"https:\/\/www.europesays.com\/fr\/wp-json\/wp\/v2\/users\/2"}],"replies":[{"embeddable":true,"href":"https:\/\/www.europesays.com\/fr\/wp-json\/wp\/v2\/comments?post=1164816"}],"version-history":[{"count":0,"href":"https:\/\/www.europesays.com\/fr\/wp-json\/wp\/v2\/posts\/1164816\/revisions"}],"wp:featuredmedia":[{"embeddable":true,"href":"https:\/\/www.europesays.com\/fr\/wp-json\/wp\/v2\/media\/1164817"}],"wp:attachment":[{"href":"https:\/\/www.europesays.com\/fr\/wp-json\/wp\/v2\/media?parent=1164816"}],"wp:term":[{"taxonomy":"category","embeddable":true,"href":"https:\/\/www.europesays.com\/fr\/wp-json\/wp\/v2\/categories?post=1164816"},{"taxonomy":"post_tag","embeddable":true,"href":"https:\/\/www.europesays.com\/fr\/wp-json\/wp\/v2\/tags?post=1164816"}],"curies":[{"name":"wp","href":"https:\/\/api.w.org\/{rel}","templated":true}]}}