{"id":1164830,"date":"2026-09-03T10:42:18","date_gmt":"2026-09-03T10:42:18","guid":{"rendered":"https:\/\/www.europesays.com\/fr\/1164830\/"},"modified":"2026-09-03T10:42:18","modified_gmt":"2026-09-03T10:42:18","slug":"balades-a-dos-danes-ateliers-spectacle-la-fete-au-parc-revient-pres-de-toulouse-avec-des-animations-pour-tous","status":"publish","type":"post","link":"https:\/\/www.europesays.com\/fr\/1164830\/","title":{"rendered":"Balades \u00e0 dos d&rsquo;\u00e2nes, ateliers, spectacle&#8230; La F\u00eate au Parc revient pr\u00e8s de Toulouse avec des animations pour tous"},"content":{"rendered":"<p>                    Par<br \/>\n        <strong><br \/>\n            <a href=\"https:\/\/actu.fr\/auteur\/valentine-gaxieu-actu-fr\" title=\"Consulter tous les articles de Valentine Gaxieu\" rel=\"nofollow noopener\" target=\"_blank\">Valentine Gaxieu<\/a><br \/>\n                    <\/strong><\/p>\n<p>        Publi\u00e9 le<\/p>\n<p>            3 sept. 2026 \u00e0 12h10        <\/p>\n<p>La <b>F<\/b><b>\u00eate au Parc <\/b>revient dans le parc des Fontanelles, \u00e0 <a href=\"https:\/\/actu.fr\/occitanie\/castanet-tolosan_31113\" rel=\"nofollow noopener\" target=\"_blank\">Castanet-Tolosan<\/a>, les samedi\u00a05 et dimanche 6\u00a0septembre. Vide-greniers, associations, ateliers, spectacles et concerts envahiront ce grand espace arbor\u00e9 le temps d\u2019un week-end. Voici le programme.<\/p>\n<p>Samedi 5\u00a0septembre<\/p>\n<p class=\" wall-content\">De 10\u2009h \u00e0 12\u2009h\u2009: <b>stand d\u2019information de la MJC<\/b>, devant le kiosque\u2009; portes ouvertes de l\u2019espace de vie sociale L\u2019Escambi\u2009; atelier broderie parents\/enfants sous le velum, avec la r\u00e9alisation d\u2019un porte-bonheur commun avec Plan\u00e8te sciences (d\u00e8s 4\u00a0ans et accompagn\u00e9 d\u2019un adulte).<\/p>\n<p class=\" wall-content\">De 10\u2009h \u00e0 12\u2009h et de 14\u2009h \u00e0 17\u2009h\u2009:<b> balades pour personnes \u00e0 mobilit\u00e9 r\u00e9duite<\/b> \u00e0 v\u00e9lo triporteur propos\u00e9es par \u00c0 v\u00e9lo sans \u00e2ge.<\/p>\n<p class=\" wall-content\">De 10\u2009h \u00e0 17\u2009h\u200930\u2009: <b>balades \u00e0 dos d\u2019\u00e2nes<\/b> et <b>ferme p\u00e9dagogique<\/b>, parcours en sulkys et poneys-cycle et man\u00e8ge m\u00e9canique.<\/p>\n<p class=\" wall-content\">De 10\u2009h \u00e0 13\u2009h et de 14\u2009h \u00e0 18\u2009h\u2009: <b>stands Castagora et citoyennet\u00e9.<\/b><\/p>\n<p>Vid\u00e9os : en ce moment sur Actu<\/p>\n<p class=\" wall-content\">18\u2009h\u200930\u2009: discours de l\u2019\u00e9quipe municipale et ap\u00e9ro offert par la Ville.<\/p>\n<p class=\" wall-content\">Repas partag\u00e9\u2009: chacun apporte son plat et la Ville offre le dessert.<\/p>\n<p class=\" wall-content\">20\u2009h\u200930\u2009:<b> concert de Los Guayabo Brothers<\/b> (musiques psychotropicales).<\/p>\n<p>Dimanche 6\u00a0septembre<\/p>\n<p class=\" wall-content\">De 10\u2009h \u00e0 12\u2009h\u2009:<b> atelier broderie enfant <\/b>avec la r\u00e9alisation d\u2019une suspension pour oiseau, sous le velum (\u00e0 partir de 4\u00a0ans).<\/p>\n<p class=\" wall-content\">De 10\u2009h \u00e0 12\u2009h et de 14\u2009h \u00e0 16\u2009h\u2009: <b>atelier sur les d\u00e9chets et le r\u00e9emploi<\/b> anim\u00e9 par le Sicoval\u2009; <b>sc\u00e8ne ouverte <\/b>aux associations de la ville avec animations, d\u00e9monstrations et initiations.<\/p>\n<p class=\" wall-content\">De 10\u2009h \u00e0 12\u2009h et de 14\u2009h \u00e0 17\u2009h\u2009: <b>balades pour personnes \u00e0 mobilit\u00e9 r\u00e9duite<\/b> \u00e0 v\u00e9lo triporteur propos\u00e9es par \u00c0 v\u00e9lo sans \u00e2ge.<\/p>\n<p class=\" wall-content\">De 10\u2009h \u00e0 17\u2009h\u200930\u2009:<b> balades \u00e0 dos d\u2019\u00e2nes <\/b>et<b> ferme p\u00e9dagogique<\/b>, parcours en sulkys et poneys-cycle et man\u00e8ge m\u00e9canique.<\/p>\n<p class=\" wall-content\">De 14\u2009h \u00e0 17\u2009h\u200930\u2009: stand Castagora et association Mieux vivre ensemble<\/p>\n<p class=\" wall-content\">16\u2009h\u2009: <b>spectacle<\/b> La m\u00e9thode Bolino (duo \u00e9questre fantaisie) de la compagnie Andja\u00ef sur le terrain de rugby (tout public)<\/p>\n<p>Tout le week-end<\/p>\n<p class=\" wall-content\">De 10\u2009h \u00e0 18\u2009h\u2009: <b>vide-greniers <\/b>et village associatif, pr\u00e9sentation des activit\u00e9s et des associations<\/p>\n<p class=\" wall-content\">Buvette et petite restauration par le comit\u00e9 des f\u00eates.<\/p>\n<p><b>Informations pratiques<\/b><br \/>F\u00eate au Parc \u2013 samedi\u00a05 et dimanche 6\u00a0septembre \u00e0 partir de 10\u2009h \u2013 parc des Fontanelles \u00e0 Castanet-Tolosan<br \/>Renseignements par t\u00e9l\u00e9phone au 05\u200962\u200971\u200970\u200944.<\/p>\n<p class=\" wall-content\">Personnalisez votre actualit\u00e9 en ajoutant vos villes et m\u00e9dias en favori avec <a href=\"https:\/\/moncompte.actu.fr\" title=\"D\u00e9couvez Mon Actu\" rel=\"nofollow noopener\" data-trk=\"{&quot;cta&quot;:{&quot;action&quot;:&quot;https:\\\/\\\/moncompte.actu.fr&quot;,&quot;category&quot;:&quot;mon compte&quot;,&quot;from&quot;:&quot;article footer&quot;,&quot;name&quot;:&quot;Mon actu&quot;,&quot;type&quot;:&quot;cta&quot;}}\" target=\"_blank\">Mon Actu<\/a>.<\/p>\n","protected":false},"excerpt":{"rendered":"Par Valentine Gaxieu Publi\u00e9 le 3 sept. 2026 \u00e0 12h10 La F\u00eate au Parc revient dans le parc&hellip;\n","protected":false},"author":2,"featured_media":1164831,"comment_status":"","ping_status":"","sticky":false,"template":"","format":"standard","meta":{"footnotes":"","_share_on_mastodon":"0"},"categories":[2816],"tags":[1111,11,1063,1777,674,1011,27,1652,12,2680,25,2312],"class_list":["post-1164830","post","type-post","status-publish","format-standard","has-post-thumbnail","category-toulouse","tag-actu","tag-actualites","tag-animations","tag-eu","tag-europe","tag-fr","tag-france","tag-loisirs-culture","tag-news","tag-occitanie","tag-republique-francaise","tag-toulouse"],"share_on_mastodon":{"url":"https:\/\/pubeurope.com\/@fr\/117206695962231470","error":""},"_links":{"self":[{"href":"https:\/\/www.europesays.com\/fr\/wp-json\/wp\/v2\/posts\/1164830","targetHints":{"allow":["GET"]}}],"collection":[{"href":"https:\/\/www.europesays.com\/fr\/wp-json\/wp\/v2\/posts"}],"about":[{"href":"https:\/\/www.europesays.com\/fr\/wp-json\/wp\/v2\/types\/post"}],"author":[{"embeddable":true,"href":"https:\/\/www.europesays.com\/fr\/wp-json\/wp\/v2\/users\/2"}],"replies":[{"embeddable":true,"href":"https:\/\/www.europesays.com\/fr\/wp-json\/wp\/v2\/comments?post=1164830"}],"version-history":[{"count":0,"href":"https:\/\/www.europesays.com\/fr\/wp-json\/wp\/v2\/posts\/1164830\/revisions"}],"wp:featuredmedia":[{"embeddable":true,"href":"https:\/\/www.europesays.com\/fr\/wp-json\/wp\/v2\/media\/1164831"}],"wp:attachment":[{"href":"https:\/\/www.europesays.com\/fr\/wp-json\/wp\/v2\/media?parent=1164830"}],"wp:term":[{"taxonomy":"category","embeddable":true,"href":"https:\/\/www.europesays.com\/fr\/wp-json\/wp\/v2\/categories?post=1164830"},{"taxonomy":"post_tag","embeddable":true,"href":"https:\/\/www.europesays.com\/fr\/wp-json\/wp\/v2\/tags?post=1164830"}],"curies":[{"name":"wp","href":"https:\/\/api.w.org\/{rel}","templated":true}]}}