{"id":1164832,"date":"2026-09-03T10:43:29","date_gmt":"2026-09-03T10:43:29","guid":{"rendered":"https:\/\/www.europesays.com\/fr\/1164832\/"},"modified":"2026-09-03T10:43:29","modified_gmt":"2026-09-03T10:43:29","slug":"roubaix-lancienne-banque-de-france-et-le-site-devianne-au-coeur-dun-projet-de-rehabilitation","status":"publish","type":"post","link":"https:\/\/www.europesays.com\/fr\/1164832\/","title":{"rendered":"Roubaix\u00a0: L\u2019ancienne Banque de France et le site Devianne au c\u0153ur d\u2019un projet de r\u00e9habilitation"},"content":{"rendered":"<p>\u00c0 <a href=\"https:\/\/www.20minutes.fr\/dossier\/roubaix\" target=\"_blank\" class=\"c-link c-link--is-underlined\" rel=\"nofollow noopener\">Roubaix<\/a>, dans le <a href=\"https:\/\/www.20minutes.fr\/dossier\/nord\" target=\"_blank\" class=\"c-link c-link--is-underlined\" rel=\"nofollow noopener\">Nord<\/a>, deux sites embl\u00e9matiques du centre-ville vont subir une v\u00e9ritable transformation, expliquent nos confr\u00e8res du site <a href=\"https:\/\/www.lemoniteur.fr\/hauts-de-france\/nord\/nord-rehabilitation-de-lancienne-banque-de-france-et-du-site-devianne-a-roubaix.X67A2R7Q3NG3DORLCW5INCXV7U.html\" target=\"_blank\" class=\"c-link c-link--is-underlined\" rel=\"nofollow noopener\">Le Moniteur<\/a>. L\u2019ancienne <a href=\"https:\/\/www.20minutes.fr\/consommation\/4236946-20260730-billets-euros-bce-devoile-10-nouveaux-designs-voter\" target=\"_blank\" class=\"c-link c-link--is-underlined\" rel=\"nofollow noopener\">Banque de France<\/a> et l\u2019ancien site Devianne, aujourd\u2019hui en friche, font en effet l\u2019objet d\u2019un vaste projet de r\u00e9habilitation.<\/p>\n<p>Gr\u00e2ce au groupe r\u00e9gional Becity, ces b\u00e2timents vont conna\u00eetre une seconde jeunesse. Cette op\u00e9ration doit permettre de m\u00e9tamorphoser ces espaces tout en conservant une partie de leur identit\u00e9 historique. Le site devrait progressivement faire peau neuve \u00e0 partir de\u00a02027. Une fin de chantier est pr\u00e9vue pour\u00a02029.<\/p>\n<p>L\u2019architecture de la Banque de France pr\u00e9serv\u00e9e<\/p>\n<p>Le b\u00e2timent de l\u2019ancienne Banque de France, construit en\u00a01907, sera, de son c\u00f4t\u00e9, enti\u00e8rement r\u00e9nov\u00e9, sans \u00eatre sur\u00e9lev\u00e9, pr\u00e9cise Le Moniteur. Son architecture sera, de cette fa\u00e7on, totalement pr\u00e9serv\u00e9e. Le programme pr\u00e9voit notamment l\u2019installation d\u2019un h\u00f4tel, de commerces et de restaurants, mais aussi d\u2019une salle de concert.<\/p>\n<p>\u00c0 l\u2019arri\u00e8re, l\u2019ancien magasin Devianne laissera place \u00e0 un programme immobilier comprenant une trentaine de logements interm\u00e9diaires. Des <a href=\"https:\/\/www.20minutes.fr\/societe\/4240838-20260825-bas-rhin-logements-sociaux-vont-etre-construits-grace-expropriation-maison-abandon\" target=\"_blank\" class=\"c-link c-link--is-underlined\" rel=\"nofollow noopener\">appartements sociaux<\/a> destin\u00e9s aux jeunes actifs doivent \u00e9galement \u00eatre cr\u00e9\u00e9s.<\/p>\n","protected":false},"excerpt":{"rendered":"\u00c0 Roubaix, dans le Nord, deux sites embl\u00e9matiques du centre-ville vont subir une v\u00e9ritable transformation, expliquent nos confr\u00e8res&hellip;\n","protected":false},"author":2,"featured_media":1164833,"comment_status":"","ping_status":"","sticky":false,"template":"","format":"standard","meta":{"footnotes":"","_share_on_mastodon":"0"},"categories":[2815],"tags":[1111,47,11,1777,674,1011,27,811,1307,12,1308,1309,1306,25,7940,104,2086],"class_list":["post-1164832","post","type-post","status-publish","format-standard","has-post-thumbnail","category-lille","tag-actu","tag-actualite","tag-actualites","tag-eu","tag-europe","tag-fr","tag-france","tag-hauts-de-france","tag-lille","tag-news","tag-nord","tag-nord-pas-de-calais","tag-regions","tag-republique-francaise","tag-roubaix","tag-societe","tag-travaux"],"share_on_mastodon":{"url":"https:\/\/pubeurope.com\/@fr\/117206699563380951","error":""},"_links":{"self":[{"href":"https:\/\/www.europesays.com\/fr\/wp-json\/wp\/v2\/posts\/1164832","targetHints":{"allow":["GET"]}}],"collection":[{"href":"https:\/\/www.europesays.com\/fr\/wp-json\/wp\/v2\/posts"}],"about":[{"href":"https:\/\/www.europesays.com\/fr\/wp-json\/wp\/v2\/types\/post"}],"author":[{"embeddable":true,"href":"https:\/\/www.europesays.com\/fr\/wp-json\/wp\/v2\/users\/2"}],"replies":[{"embeddable":true,"href":"https:\/\/www.europesays.com\/fr\/wp-json\/wp\/v2\/comments?post=1164832"}],"version-history":[{"count":0,"href":"https:\/\/www.europesays.com\/fr\/wp-json\/wp\/v2\/posts\/1164832\/revisions"}],"wp:featuredmedia":[{"embeddable":true,"href":"https:\/\/www.europesays.com\/fr\/wp-json\/wp\/v2\/media\/1164833"}],"wp:attachment":[{"href":"https:\/\/www.europesays.com\/fr\/wp-json\/wp\/v2\/media?parent=1164832"}],"wp:term":[{"taxonomy":"category","embeddable":true,"href":"https:\/\/www.europesays.com\/fr\/wp-json\/wp\/v2\/categories?post=1164832"},{"taxonomy":"post_tag","embeddable":true,"href":"https:\/\/www.europesays.com\/fr\/wp-json\/wp\/v2\/tags?post=1164832"}],"curies":[{"name":"wp","href":"https:\/\/api.w.org\/{rel}","templated":true}]}}