{"id":1164836,"date":"2026-09-03T10:48:01","date_gmt":"2026-09-03T10:48:01","guid":{"rendered":"https:\/\/www.europesays.com\/fr\/1164836\/"},"modified":"2026-09-03T10:48:01","modified_gmt":"2026-09-03T10:48:01","slug":"periscolaire-ou-garde-privee-quelles-sont-les-solutions-a-marseille-pour-la-rentree","status":"publish","type":"post","link":"https:\/\/www.europesays.com\/fr\/1164836\/","title":{"rendered":"P\u00e9riscolaire ou garde priv\u00e9e, quelles sont les solutions \u00e0 Marseille pour la rentr\u00e9e\u00a0?"},"content":{"rendered":"<p>\u00c0 Marseille, l\u2019accueil dans les 470 \u00e9coles \u00e9l\u00e9mentaires publiques se fera les lundis, mardis, jeudis et vendredis matins entre 7\u00a0h\u00a030 et 8\u00a0h\u00a010 puis de de 16 h 30 \u00e0 18 h, parfois 18h30 pour certaines \u00e9coles. Cet accueil est toujours payant, avec des tarifs fix\u00e9s en fonction du quotient familial. Ils sont actuellement <a href=\"https:\/\/www.laprovence.com\/article\/societe\/46518393278298\/periscolaire-a-la-rentree-2027-la-ville-de-marseille-veut-renforcer-l-accueil-le-soir-et-mieux-lutter-contre-les-violences\" target=\"_self\" rel=\"nofollow noopener\">six prestataires \u00e0 se partager le march\u00e9<\/a>\u00a0: la Ligue de l\u2019enseignement, Synergie Family, le Smuc, l\u2019Ifac, <a href=\"https:\/\/www.laprovence.com\/article\/faits-divers-justice\/1316124861682615\/maltraitances-sur-des-enfants-le-centre-de-loisirs-leo-lagrange-ferme-par-la-ville-de-marseille-l-enquete-progresse\" target=\"_self\" rel=\"nofollow noopener\">le centre L\u00e9o-Lagrange<\/a> et le Centre de culture ouvri\u00e8re (CCO). L\u2019inscription est assez flexible puisque depuis janvier\u00a02024, les parents peuvent inscrire leur(s) enfant(s) 10 jours avant la date souhait\u00e9e.<\/p>\n<p>\u00ab\u00a0On a inscrit notre fils tous les soirs de la semaine, en mode garderie.<strong> <\/strong>C\u2019est tr\u00e8s simple de s\u2019inscrire, \u00e7a se fait en trois clics sur Superminot\u00a0\u00bb, d\u00e9crit Marine, maman marseillaise d\u2019un petit gar\u00e7on de 4\u00a0ans rentr\u00e9 en moyenne section \u00e0 l\u2019\u00e9cole maternelle Saint-Savournin (1er). Superminot, c\u2019est la plateforme mise en place par la Ville pour effectuer les inscriptions p\u00e9riscolaires et <a href=\"https:\/\/www.laprovence.com\/article\/societe\/88693938665594\/rentree-scolaire-a-marseille-la-ville-soutient-le-pouvoir-d-achat-des-parents\" target=\"_self\" rel=\"nofollow noopener\">la cantine<\/a> notamment. \u00ab\u00a0Ce que je trouve tr\u00e8s bien aussi, c\u2019est que l\u2019on est factur\u00e9 que les jours o\u00f9 tu mets ton enfant. Par exemple, l\u2019an dernier, je l\u2019avais inscrit tous les jours&#8230;<\/p>\n","protected":false},"excerpt":{"rendered":"\u00c0 Marseille, l\u2019accueil dans les 470 \u00e9coles \u00e9l\u00e9mentaires publiques se fera les lundis, mardis, jeudis et vendredis matins&hellip;\n","protected":false},"author":2,"featured_media":1164837,"comment_status":"","ping_status":"","sticky":false,"template":"","format":"standard","meta":{"footnotes":"","_share_on_mastodon":"0"},"categories":[2814],"tags":[5734,1111,11,1777,674,1011,27,8712,151,884,12,68099,14288,882,4022,25,104,15097,3333],"class_list":["post-1164836","post","type-post","status-publish","format-standard","has-post-thumbnail","category-marseille","tag-5734","tag-actu","tag-actualites","tag-eu","tag-europe","tag-fr","tag-france","tag-garde","tag-les","tag-marseille","tag-news","tag-periscolaire","tag-privee","tag-provence-alpes-cote-dazur","tag-quelles","tag-republique-francaise","tag-societe","tag-solutions","tag-sont"],"share_on_mastodon":{"url":"","error":""},"_links":{"self":[{"href":"https:\/\/www.europesays.com\/fr\/wp-json\/wp\/v2\/posts\/1164836","targetHints":{"allow":["GET"]}}],"collection":[{"href":"https:\/\/www.europesays.com\/fr\/wp-json\/wp\/v2\/posts"}],"about":[{"href":"https:\/\/www.europesays.com\/fr\/wp-json\/wp\/v2\/types\/post"}],"author":[{"embeddable":true,"href":"https:\/\/www.europesays.com\/fr\/wp-json\/wp\/v2\/users\/2"}],"replies":[{"embeddable":true,"href":"https:\/\/www.europesays.com\/fr\/wp-json\/wp\/v2\/comments?post=1164836"}],"version-history":[{"count":0,"href":"https:\/\/www.europesays.com\/fr\/wp-json\/wp\/v2\/posts\/1164836\/revisions"}],"wp:featuredmedia":[{"embeddable":true,"href":"https:\/\/www.europesays.com\/fr\/wp-json\/wp\/v2\/media\/1164837"}],"wp:attachment":[{"href":"https:\/\/www.europesays.com\/fr\/wp-json\/wp\/v2\/media?parent=1164836"}],"wp:term":[{"taxonomy":"category","embeddable":true,"href":"https:\/\/www.europesays.com\/fr\/wp-json\/wp\/v2\/categories?post=1164836"},{"taxonomy":"post_tag","embeddable":true,"href":"https:\/\/www.europesays.com\/fr\/wp-json\/wp\/v2\/tags?post=1164836"}],"curies":[{"name":"wp","href":"https:\/\/api.w.org\/{rel}","templated":true}]}}