{"id":1164840,"date":"2026-09-03T10:50:15","date_gmt":"2026-09-03T10:50:15","guid":{"rendered":"https:\/\/www.europesays.com\/fr\/1164840\/"},"modified":"2026-09-03T10:50:15","modified_gmt":"2026-09-03T10:50:15","slug":"apres-cinq-jours-de-fermeture-le-carnage-provoque-par-le-vent-au-parc-de-la-tete-dor-de-lyon-ravage-70-arbres","status":"publish","type":"post","link":"https:\/\/www.europesays.com\/fr\/1164840\/","title":{"rendered":"Apr\u00e8s cinq jours de fermeture, le \u00ab\u00a0carnage\u00a0\u00bb provoqu\u00e9 par le vent au parc de la T\u00eate d&rsquo;Or de Lyon ravage 70 arbres"},"content":{"rendered":"<p>                    Par<br \/>\n        <strong><br \/>\n            <a href=\"https:\/\/actu.fr\/auteur\/nicolas-zaugra\" title=\"Consulter tous les articles de Nicolas Zaugra\" rel=\"nofollow noopener\" target=\"_blank\">Nicolas Zaugra<\/a><br \/>\n                    <\/strong><\/p>\n<p>        Publi\u00e9 le<\/p>\n<p>            3 sept. 2026 \u00e0 11h45        <\/p>\n<p>Le coup de vent violent du 28 ao\u00fbt a laiss\u00e9 des traces \u00e0 <a href=\"https:\/\/actu.fr\/auvergne-rhone-alpes\/lyon_69123\" rel=\"nofollow noopener\" target=\"_blank\">Lyon<\/a>. Vendredi dernier dans la matin\u00e9e, un orage s\u00e9rieux accompagn\u00e9 de fortes rafales a emport\u00e9 de nombreux arbres sur son passage. Au <a href=\"https:\/\/actu.fr\/tag\/parc-de-la-tete-d-or\" rel=\"nofollow noopener\" target=\"_blank\">parc de la T\u00eate d\u2019Or<\/a> dans le 6\u1d49 arrondissement de Lyon, c\u2019est un \u00ab\u00a0v\u00e9ritable carnage\u00a0\u00bb qui a \u00e9t\u00e9 constat\u00e9 par les agents municipaux sur la v\u00e9g\u00e9tation, entra\u00eenant <a href=\"https:\/\/actu.fr\/auvergne-rhone-alpes\/lyon_69123\/un-veritable-carnage-pourquoi-le-parc-de-la-tete-d-or-de-lyon-est-ferme-au-public-depuis-cinq-jours_64733497.html\" rel=\"nofollow noopener\" target=\"_blank\">une fermeture de cinq jours<\/a>. Du jamais depuis la temp\u00eate de 1999.<br \/>Le parc a pu rouvrir ce mercredi matin, mais de nombreuses zones restent ferm\u00e9es au public pour des raisons de s\u00e9curit\u00e9.<\/p>\n<p>Au moins 70 arbres touch\u00e9s et 15 jours de travail<\/p>\n<p class=\" wall-content\">Des arbres coup\u00e9s en deux, de nombreuses branches remarquables au sol, des arbres d\u00e9racin\u00e9s\u2026 Le spectacle laiss\u00e9 par le coup de vent dans le poumon vert de la ville fait peine \u00e0 voir. Les fortes rafales de vendredi dernier ont provoqu\u00e9 d\u2019importants d\u00e9g\u00e2ts sur la v\u00e9g\u00e9tation d\u00e9j\u00e0 fortement impact\u00e9e par la s\u00e9cheresse. Les agents municipaux ont d\u00fb abattre certains d\u2019entre eux rendus trop dangereux pour les usagers.<\/p>\n<p class=\" wall-content\">Sur place, de nombreuses zones sont encore ferm\u00e9es et les promeneurs et joggeurs doivent contourner barri\u00e8res et bandes de s\u00e9curit\u00e9. La Ville insiste sur le respect des r\u00e8gles de s\u00e9curit\u00e9 pour \u00e9viter toute chute de branche sur les passants.<\/p>\n<p class=\" wall-content\">Les agents doivent encore travailler au moins deux semaines pour tout remettre en \u00e9tat dans le parc.\u00a0<\/p>\n<p class=\" wall-content\">Personnalisez votre actualit\u00e9 en ajoutant vos villes et m\u00e9dias en favori avec <a href=\"https:\/\/moncompte.actu.fr\" title=\"D\u00e9couvez Mon Actu\" rel=\"nofollow noopener\" data-trk=\"{&quot;cta&quot;:{&quot;action&quot;:&quot;https:\\\/\\\/moncompte.actu.fr&quot;,&quot;category&quot;:&quot;mon compte&quot;,&quot;from&quot;:&quot;article footer&quot;,&quot;name&quot;:&quot;Mon actu&quot;,&quot;type&quot;:&quot;cta&quot;}}\" target=\"_blank\">Mon Actu<\/a>.<\/p>\n","protected":false},"excerpt":{"rendered":"Par Nicolas Zaugra Publi\u00e9 le 3 sept. 2026 \u00e0 11h45 Le coup de vent violent du 28 ao\u00fbt&hellip;\n","protected":false},"author":2,"featured_media":1164841,"comment_status":"","ping_status":"","sticky":false,"template":"","format":"standard","meta":{"footnotes":"","_share_on_mastodon":"0"},"categories":[1889],"tags":[1111,11,2430,1777,674,1011,27,3059,2428,2487,12,13760,25,7919],"class_list":["post-1164840","post","type-post","status-publish","format-standard","has-post-thumbnail","category-lyon","tag-actu","tag-actualites","tag-auvergne-rhone-alpes","tag-eu","tag-europe","tag-fr","tag-france","tag-intemperies","tag-lyon","tag-meteo","tag-news","tag-parc-de-la-tete-dor","tag-republique-francaise","tag-vent"],"share_on_mastodon":{"url":"https:\/\/pubeurope.com\/@fr\/117206727219951848","error":""},"_links":{"self":[{"href":"https:\/\/www.europesays.com\/fr\/wp-json\/wp\/v2\/posts\/1164840","targetHints":{"allow":["GET"]}}],"collection":[{"href":"https:\/\/www.europesays.com\/fr\/wp-json\/wp\/v2\/posts"}],"about":[{"href":"https:\/\/www.europesays.com\/fr\/wp-json\/wp\/v2\/types\/post"}],"author":[{"embeddable":true,"href":"https:\/\/www.europesays.com\/fr\/wp-json\/wp\/v2\/users\/2"}],"replies":[{"embeddable":true,"href":"https:\/\/www.europesays.com\/fr\/wp-json\/wp\/v2\/comments?post=1164840"}],"version-history":[{"count":0,"href":"https:\/\/www.europesays.com\/fr\/wp-json\/wp\/v2\/posts\/1164840\/revisions"}],"wp:featuredmedia":[{"embeddable":true,"href":"https:\/\/www.europesays.com\/fr\/wp-json\/wp\/v2\/media\/1164841"}],"wp:attachment":[{"href":"https:\/\/www.europesays.com\/fr\/wp-json\/wp\/v2\/media?parent=1164840"}],"wp:term":[{"taxonomy":"category","embeddable":true,"href":"https:\/\/www.europesays.com\/fr\/wp-json\/wp\/v2\/categories?post=1164840"},{"taxonomy":"post_tag","embeddable":true,"href":"https:\/\/www.europesays.com\/fr\/wp-json\/wp\/v2\/tags?post=1164840"}],"curies":[{"name":"wp","href":"https:\/\/api.w.org\/{rel}","templated":true}]}}