{"id":1164856,"date":"2026-09-03T11:01:26","date_gmt":"2026-09-03T11:01:26","guid":{"rendered":"https:\/\/www.europesays.com\/fr\/1164856\/"},"modified":"2026-09-03T11:01:26","modified_gmt":"2026-09-03T11:01:26","slug":"etats-unis-double-meurtre-homophobe-devant-un-bar-lgbtqia-a-tucson-en-arizona","status":"publish","type":"post","link":"https:\/\/www.europesays.com\/fr\/1164856\/","title":{"rendered":"\u00c9tats-Unis : double meurtre homophobe devant un bar LGBTQIA+ \u00e0 Tucson, en Arizona"},"content":{"rendered":"<p>Deux hommes ont \u00e9t\u00e9 tu\u00e9s par balle lundi 31 ao\u00fbt devant un bar LGBTQIA+ de Tucson, dans l\u2019Arizona. La police a confirm\u00e9 mercredi 2 septembre que l\u2019attaque \u00e9tait motiv\u00e9e par la haine envers la communaut\u00e9 LGBTQIA+.<\/p>\n<p>Vincent Anthony Siqueiros, 42 ans, et Cameron Davis Capara, 33 ans, se trouvaient dans le parking du Venture-N, un \u00e9tablissement LGBTQIA+ du centre-ville, lorsqu\u2019ils ont \u00e9t\u00e9 pris \u00e0 partie par un homme arm\u00e9, peu apr\u00e8s minuit.<\/p>\n<p>Le suspect, identifi\u00e9 comme Ousman Ceesay, 44 ans, a ouvert le feu sur les deux hommes avant de retourner l\u2019arme contre lui. Les victimes sont mortes sur place. Le suspect est d\u00e9c\u00e9d\u00e9 \u00e0 l\u2019h\u00f4pital peu apr\u00e8s son arriv\u00e9e.<\/p>\n<p>Une attaque cibl\u00e9e<\/p>\n<p>Les premiers \u00e9l\u00e9ments avaient conduit les autorit\u00e9s \u00e0 \u00e9voquer un possible crime de haine. L\u2019enqu\u00eate a depuis confirm\u00e9 la piste.<\/p>\n<p>Lors de la perquisition du domicile de Ceesay, les enqu\u00eateurs ont d\u00e9couvert une note indiquant qu\u2019il avait agi seul et que la fusillade constituait une attaque cibl\u00e9e motiv\u00e9e par la haine anti-LGBTQIA+. Le suspect d\u00e9tenait \u00e9galement une liste de plusieurs autres commerces et lieux associ\u00e9s \u00e0 la communaut\u00e9.<\/p>\n<p>Les enqu\u00eateurs estiment que Ceesay ne connaissait pas les deux victimes. Il n\u2019aurait pas non plus tent\u00e9 d\u2019entrer dans le bar et les aurait confront\u00e9es directement dans le parking.<\/p>\n<p>La police a renforc\u00e9 les patrouilles autour des \u00e9tablissements LGBTQIA+ figurant sur la liste et a pris contact avec leurs responsables.<\/p>\n<p>La maire de Tucson, Regina Romero, a d\u00e9nonc\u00e9 une \u00ab attaque directe et d\u00e9vastatrice \u00bb contre la communaut\u00e9 LGBTQIA+. La cheffe de la police, Monica Prieto, a de son c\u00f4t\u00e9 condamn\u00e9 les crimes motiv\u00e9s par les pr\u00e9jug\u00e9s.<\/p>\n<p>Deux vies bris\u00e9es<\/p>\n<p>Au-del\u00e0 des circonstances du drame, les proches de Vincent Siqueiros et Cameron Capara rendent hommage \u00e0 deux hommes profond\u00e9ment aim\u00e9s.<\/p>\n<p>Vincent Siqueiros travaillait dans la restauration. Sa s\u0153ur l\u2019a d\u00e9crit comme l\u2019homme \u00ab le plus dr\u00f4le, le plus doux et le plus aimant \u00bb de la famille, \u00e9voquant un fr\u00e8re qui se faisait facilement des amis et \u00e9tait particuli\u00e8rement proche de ses ni\u00e8ces et neveux.<\/p>\n<p>Cameron Capara \u00e9tait passionn\u00e9 de photographie. Sa m\u00e8re a racont\u00e9 qu\u2019il aimait notamment documenter des manifestations et des mobilisations politiques. Elle l\u2019a d\u00e9crit comme un homme \u00ab merveilleux et attentionn\u00e9 \u00bb, qui ne jugeait jamais les autres.<\/p>\n<p>\u00ab Que quelqu\u2019un puisse le tuer parce qu\u2019il \u00e9tait gay est tout simplement r\u00e9voltant \u00bb, a-t-elle d\u00e9clar\u00e9.<\/p>\n<p>Pour les habitu\u00e9s, ce bar \u00e9tait bien davantage qu\u2019un lieu de sortie : un espace familier o\u00f9 les personnes LGBTQIA+ pouvaient se retrouver et se sentir en s\u00e9curit\u00e9.<\/p>\n<p>Une histoire marqu\u00e9e par les violences homophobes<\/p>\n<p>L\u2019histoire de Tucson donne une r\u00e9sonance particuli\u00e8re \u00e0 cette nouvelle attaque. En 1976, Richard Heakin, un jeune homme gay de 21 ans, avait \u00e9t\u00e9 battu \u00e0 mort \u00e0 la sortie d\u2019un bar de la ville. Son meurtre avait contribu\u00e9 \u00e0 la mobilisation de la communaut\u00e9 LGBTQIA+ locale et \u00e0 la cr\u00e9ation de Tucson Pride.<\/p>\n<p>Avec Vincent et Cameron, il y a d\u00e9sormais deux nouvelles vies et familles, et toute une communaut\u00e9 aujourd\u2019hui endeuill\u00e9e.<\/p>\n<p>\u00c0 travers les fleurs d\u00e9pos\u00e9es devant le Venture-N, Tucson rend hommage \u00e0 ceux qui ne rentreront pas chez eux. Et rappelle que pouvoir vivre, aimer et se retrouver librement dans un lieu LGBTQIA+ ne devrait jamais \u00eatre consid\u00e9r\u00e9 comme un acte de courage.<\/p>\n","protected":false},"excerpt":{"rendered":"Deux hommes ont \u00e9t\u00e9 tu\u00e9s par balle lundi 31 ao\u00fbt devant un bar LGBTQIA+ de Tucson, dans l\u2019Arizona.&hellip;\n","protected":false},"author":2,"featured_media":1164857,"comment_status":"","ping_status":"","sticky":false,"template":"","format":"standard","meta":{"footnotes":"","_share_on_mastodon":"0"},"categories":[1589],"tags":[11,73,1866,12,1864,1865,1863,308],"class_list":["post-1164856","post","type-post","status-publish","format-standard","has-post-thumbnail","category-etats-unis","tag-actualites","tag-etats-unis","tag-etats-unis-damerique","tag-news","tag-united-states","tag-united-states-of-america","tag-us","tag-usa"],"share_on_mastodon":{"url":"https:\/\/pubeurope.com\/@fr\/117206770209158187","error":""},"_links":{"self":[{"href":"https:\/\/www.europesays.com\/fr\/wp-json\/wp\/v2\/posts\/1164856","targetHints":{"allow":["GET"]}}],"collection":[{"href":"https:\/\/www.europesays.com\/fr\/wp-json\/wp\/v2\/posts"}],"about":[{"href":"https:\/\/www.europesays.com\/fr\/wp-json\/wp\/v2\/types\/post"}],"author":[{"embeddable":true,"href":"https:\/\/www.europesays.com\/fr\/wp-json\/wp\/v2\/users\/2"}],"replies":[{"embeddable":true,"href":"https:\/\/www.europesays.com\/fr\/wp-json\/wp\/v2\/comments?post=1164856"}],"version-history":[{"count":0,"href":"https:\/\/www.europesays.com\/fr\/wp-json\/wp\/v2\/posts\/1164856\/revisions"}],"wp:featuredmedia":[{"embeddable":true,"href":"https:\/\/www.europesays.com\/fr\/wp-json\/wp\/v2\/media\/1164857"}],"wp:attachment":[{"href":"https:\/\/www.europesays.com\/fr\/wp-json\/wp\/v2\/media?parent=1164856"}],"wp:term":[{"taxonomy":"category","embeddable":true,"href":"https:\/\/www.europesays.com\/fr\/wp-json\/wp\/v2\/categories?post=1164856"},{"taxonomy":"post_tag","embeddable":true,"href":"https:\/\/www.europesays.com\/fr\/wp-json\/wp\/v2\/tags?post=1164856"}],"curies":[{"name":"wp","href":"https:\/\/api.w.org\/{rel}","templated":true}]}}