{"id":116487,"date":"2025-05-21T09:15:09","date_gmt":"2025-05-21T09:15:09","guid":{"rendered":"https:\/\/www.europesays.com\/fr\/116487\/"},"modified":"2025-05-21T09:15:09","modified_gmt":"2025-05-21T09:15:09","slug":"les-deputes-approuvent-les-conditions-dacces-au-droit-a-laide-a-mourir","status":"publish","type":"post","link":"https:\/\/www.europesays.com\/fr\/116487\/","title":{"rendered":"les d\u00e9put\u00e9s approuvent les conditions d&rsquo;acc\u00e8s au droit \u00e0 l&rsquo;aide \u00e0 mourir"},"content":{"rendered":"<p>Apr\u00e8s l\u2019adoption de l\u2019article-cl\u00e9 \u00e9tablissant les cinq conditions, les d\u00e9put\u00e9s ont encha\u00een\u00e9 avec l\u2019examen d\u2019un autre, d\u00e9finissant la proc\u00e9dure de demande d\u2019aide \u00e0 mourir.<\/p>\n<p class=\"fig-paragraph\">Apr\u00e8s trois jours d&rsquo;\u00e2pres d\u00e9bats,\u00a0<a href=\"http:\/\/www.lefigaro.fr\/actualite-france\/fin-de-vie-apres-une-semaine-de-debats-les-deputes-abordent-le-sujet-delicat-de-l-aide-active-a-mourir-20250516\" target=\"_blank\" data-fig-type=\"Article\" rel=\"noopener\" data-gtm-custom-categorie=\"navigation\" data-gtm-custom-action=\"crossclick\" data-gtm-custom-label=\"Contextuel\" data-gtm-event=\"customEventSPE\" data-fig-domain=\"LEFIGARO\">les d\u00e9put\u00e9s<\/a>\u00a0ont approuv\u00e9 mardi 20 mai l&rsquo;ensemble des conditions requises pour qu&rsquo;un malade puisse \u00eatre \u00e9ligible au droit \u00e0 l&rsquo;<a href=\"http:\/\/www.lefigaro.fr\/actualite-france\/aide-a-mourir-les-risques-de-derive-divisent-l-assemblee-20250519\" target=\"_blank\" data-fig-type=\"Article\" rel=\"noopener\" data-gtm-custom-categorie=\"navigation\" data-gtm-custom-action=\"crossclick\" data-gtm-custom-label=\"Contextuel\" data-gtm-event=\"customEventSPE\" data-fig-domain=\"LEFIGARO\">aide \u00e0 mourir<\/a>, avant d&rsquo;entamer les discussions sur les contours de la proc\u00e9dure pour la demander.<\/p>\n<p class=\"fig-paragraph\">L&rsquo;article, qui pr\u00e9voit cinq conditions cumulatives, a \u00e9t\u00e9 adopt\u00e9 par 164 voix pour et 103 voix contre (l&rsquo;opposition venant surtout de la droite et de la droite nationaliste).<\/p>\n<p>Majorit\u00e9, r\u00e9sidence stable en France, affection incurable<\/p>\n<p class=\"fig-paragraph\">D&rsquo;abord l&rsquo;\u00e2ge, la personne doit avoir atteint au moins 18 ans. Des amendements de d\u00e9put\u00e9s LFI, pour permettre \u00e0 des mineurs malades, \u00e0 partir de 16 ans et avec le consentement de leurs parents, de faire une demande, ont \u00e9t\u00e9 rejet\u00e9s samedi soir. Ensuite, \u00eatre de nationalit\u00e9 fran\u00e7aise ou r\u00e9sider de fa\u00e7on stable et r\u00e9guli\u00e8re en France.<\/p>\n<p>\u00a0\u00bb<br \/>\n        data-script=\u00a0\u00bbhttps:\/\/static.lefigaro.fr\/widget-video\/short-ttl\/video\/index.js\u00a0\u00bb<br \/>\n    &gt;<\/p>\n<p class=\"fig-paragraph\">Pour l&rsquo;auteur et corapporteur de la proposition de loi\u00a0<a href=\"http:\/\/www.lefigaro.fr\/actualite-france\/loi-fin-de-vie-ce-sera-une-aide-a-vivre-affirme-le-rapporteur-olivier-falorni-20240530\" target=\"_blank\" data-fig-type=\"NewsFlash\" rel=\"noopener\" data-gtm-custom-categorie=\"navigation\" data-gtm-custom-action=\"crossclick\" data-gtm-custom-label=\"Contextuel\" data-gtm-event=\"customEventSPE\" data-fig-domain=\"LEFIGARO\">Olivier Falorni<\/a>, le droit \u00e0 l&rsquo;aide \u00e0 mourir \u00abdoit s&rsquo;inscrire dans une prise en charge globale\u00bb de soins, que seule une r\u00e9sidence stable permet. Des d\u00e9put\u00e9s de gauche ont d\u00e9nonc\u00e9 le crit\u00e8re de r\u00e9sidence r\u00e9guli\u00e8re, y voyant une atteinte \u00e0 l&rsquo;universalisme du syst\u00e8me de protection sociale en France.<\/p>\n<p class=\"fig-paragraph\">La troisi\u00e8me condition pr\u00e9voit que la personne soit atteinte \u00abd&rsquo;une affection grave et incurable, quelle qu&rsquo;en soit la cause, qui engage le pronostic vital, en phase avanc\u00e9e\u00bb ou \u00abterminale\u00bb. La notion de \u00abphase avanc\u00e9e\u00bb questionne depuis plusieurs semaines les d\u00e9put\u00e9s, certains la jugeant trop floue.<\/p>\n<p class=\"fig-paragraph\">Le gouvernement a fait adopter lundi un amendement calqu\u00e9 sur une d\u00e9finition retenue par la Haute Autorit\u00e9 de sant\u00e9 (HAS), caract\u00e9risant la \u00abphase avanc\u00e9e\u00bb par \u00abl&rsquo;entr\u00e9e dans un processus irr\u00e9versible marqu\u00e9 par l&rsquo;aggravation de l&rsquo;\u00e9tat de sant\u00e9 de la personne malade qui affecte sa qualit\u00e9 de vie\u00bb.<\/p>\n<p>Souffrance physique \u00abconstante\u00bb<\/p>\n<p class=\"fig-paragraph\">Les opposants au texte ont d\u00e9nonc\u00e9 cette notion qui ouvrirait, selon eux, l&rsquo;aide \u00e0 mourir \u00e0 des patients \u00e0 qui il reste encore \u00abplusieurs ann\u00e9es \u00e0 vivre\u00bb. Pour ses d\u00e9fenseurs, elle permettrait notamment d&rsquo;ouvrir le droit \u00e0 des personnes atteintes de la maladie de Charcot.<\/p>\n<p class=\"fig-paragraph\">Quatri\u00e8me condition, la personne doit \u00abpr\u00e9senter une souffrance physique ou psychologique\u00bb qui est \u00absoit r\u00e9fractaire aux traitements, soit insupportable selon la personne\u00bb lorsqu&rsquo;elle a choisi de ne pas recevoir ou d&rsquo;arr\u00eater un traitement.<\/p>\n<p class=\"fig-paragraph\">Lundi soir, des d\u00e9put\u00e9s Horizons, Liot et LR ont adopt\u00e9 des amendements soulignant que la souffrance psychologique devra \u00eatre \u00abconstante\u00bb et surtout qu&rsquo;\u00abune souffrance psychologique seule ne peut en aucun cas permettre de b\u00e9n\u00e9ficier de l&rsquo;aide \u00e0 mourir\u00bb.<\/p>\n<p>\u00abDemande expresse\u00bb<\/p>\n<p class=\"fig-paragraph\">La derni\u00e8re condition pr\u00e9voit que la personne soit apte \u00e0 manifester sa volont\u00e9 de fa\u00e7on libre et \u00e9clair\u00e9e. Les d\u00e9put\u00e9s ont rejet\u00e9 des amendements visant \u00e0 pouvoir tenir compte de directives anticip\u00e9es.<\/p>\n<p class=\"fig-paragraph\">Dans l&rsquo;apr\u00e8s-midi, un amendement du d\u00e9put\u00e9 LR Philippe Juvin visant \u00e0 exclure les personnes souffrant d&rsquo;autisme de l&rsquo;aide \u00e0 mourir a \u00e9t\u00e9 rejet\u00e9. Comme un autre pour emp\u00eacher les personnes incarc\u00e9r\u00e9es d&rsquo;y avoir droit.<\/p>\n<p class=\"fig-paragraph\">Apr\u00e8s l&rsquo;adoption de l&rsquo;article-cl\u00e9 \u00e9tablissant les cinq conditions, les d\u00e9put\u00e9s ont encha\u00een\u00e9 avec l&rsquo;examen d&rsquo;un autre, d\u00e9finissant la proc\u00e9dure de demande d&rsquo;aide \u00e0 mourir. Les parlementaires ont souhait\u00e9 pr\u00e9ciser que la demande faite par le patient au m\u00e9decin soit exprim\u00e9e \u00abpar \u00e9crit ou par tout autre mode d&rsquo;expression adapt\u00e9 \u00e0 ses capacit\u00e9s\u00bb La version initiale ne mentionnait qu&rsquo;une \u00abdemande expresse\u00bb, renvoyant le d\u00e9tail \u00e0 un d\u00e9cret en Conseil d&rsquo;\u00c9tat.<\/p>\n<p class=\"fig-paragraph\">\u00abIl y a une unanimit\u00e9 dans cet h\u00e9micycle des diff\u00e9rents groupes qui souhaitent effectivement qu&rsquo;on puisse mieux formaliser la demande et que cette demande soit \u00e9crite. Pour autant, nous savons tous qu&rsquo;effectivement, il peut y avoir des personnes qui, en raison de leur \u00e9tat de sant\u00e9, ne sont pas en capacit\u00e9 d&rsquo;\u00e9crire\u00bb, a d\u00e9clar\u00e9 la ministre de la Sant\u00e9 Catherine Vautrin \u00e0 l&rsquo;origine de l&rsquo;amendement adopt\u00e9.<\/p>\n<p class=\"fig-paragraph\">Pour confirmer ce changement, l&rsquo;article dans son ensemble doit encore \u00eatre adopt\u00e9. Le vote sur l&rsquo;ensemble du texte, en premi\u00e8re lecture, est pr\u00e9vu le mardi 27 mai. Plus de 1264 amendements restent \u00e0 \u00e9tudier.<\/p>\n","protected":false},"excerpt":{"rendered":"Apr\u00e8s l\u2019adoption de l\u2019article-cl\u00e9 \u00e9tablissant les cinq conditions, les d\u00e9put\u00e9s ont encha\u00een\u00e9 avec l\u2019examen d\u2019un autre, d\u00e9finissant la&hellip;\n","protected":false},"author":2,"featured_media":116488,"comment_status":"","ping_status":"","sticky":false,"template":"","format":"standard","meta":{"footnotes":""},"categories":[4],"tags":[47,1058,1054,1059,1060,1055,11,416,1057,118,7977,1011,27,1061,303,12,1062,25,656,104,1056,809],"class_list":{"0":"post-116487","1":"post","2":"type-post","3":"status-publish","4":"format-standard","5":"has-post-thumbnail","7":"category-france","8":"tag-actualite","9":"tag-actualite-education","10":"tag-actualite-france","11":"tag-actualite-justice","12":"tag-actualite-securite","13":"tag-actualite-societe","14":"tag-actualites","15":"tag-assemblee-nationale","16":"tag-education","17":"tag-faits-divers","18":"tag-fin-de-vie","19":"tag-fr","20":"tag-france","21":"tag-immigration","22":"tag-justice","23":"tag-news","24":"tag-polemique","25":"tag-republique-francaise","26":"tag-securite","27":"tag-societe","28":"tag-societe-francaise","29":"tag-violence"},"share_on_mastodon":{"url":"https:\/\/pubeurope.com\/@fr\/114545067519795739","error":""},"_links":{"self":[{"href":"https:\/\/www.europesays.com\/fr\/wp-json\/wp\/v2\/posts\/116487","targetHints":{"allow":["GET"]}}],"collection":[{"href":"https:\/\/www.europesays.com\/fr\/wp-json\/wp\/v2\/posts"}],"about":[{"href":"https:\/\/www.europesays.com\/fr\/wp-json\/wp\/v2\/types\/post"}],"author":[{"embeddable":true,"href":"https:\/\/www.europesays.com\/fr\/wp-json\/wp\/v2\/users\/2"}],"replies":[{"embeddable":true,"href":"https:\/\/www.europesays.com\/fr\/wp-json\/wp\/v2\/comments?post=116487"}],"version-history":[{"count":0,"href":"https:\/\/www.europesays.com\/fr\/wp-json\/wp\/v2\/posts\/116487\/revisions"}],"wp:featuredmedia":[{"embeddable":true,"href":"https:\/\/www.europesays.com\/fr\/wp-json\/wp\/v2\/media\/116488"}],"wp:attachment":[{"href":"https:\/\/www.europesays.com\/fr\/wp-json\/wp\/v2\/media?parent=116487"}],"wp:term":[{"taxonomy":"category","embeddable":true,"href":"https:\/\/www.europesays.com\/fr\/wp-json\/wp\/v2\/categories?post=116487"},{"taxonomy":"post_tag","embeddable":true,"href":"https:\/\/www.europesays.com\/fr\/wp-json\/wp\/v2\/tags?post=116487"}],"curies":[{"name":"wp","href":"https:\/\/api.w.org\/{rel}","templated":true}]}}