{"id":1164883,"date":"2026-09-03T11:22:47","date_gmt":"2026-09-03T11:22:47","guid":{"rendered":"https:\/\/www.europesays.com\/fr\/1164883\/"},"modified":"2026-09-03T11:22:47","modified_gmt":"2026-09-03T11:22:47","slug":"angoisse-a-quelques-jours-de-la-rentree-pour-les-ecoliers-dhayange-lorfm","status":"publish","type":"post","link":"https:\/\/www.europesays.com\/fr\/1164883\/","title":{"rendered":"Angoisse \u00e0 quelques jours de la rentr\u00e9e pour les \u00e9coliers d&#039;Hayange &#8211; Lor&#039;FM"},"content":{"rendered":"<ol>\n<li><a href=\"https:\/\/news.google.com\/rss\/articles\/CBMikwFBVV95cUxQeGwwWmNaR01tUERFVU00QVBKalVQaWNNV0RrR2RSUTNRZzM4ZUNPYloxQnE2LW85b2FnaWdjb0ZncTVUZ0tZaEZrZ0dPdlZ6dFdNckszMFc5eUJsMXMzS3F1ZTlJbWlyWEtjSUpUWUdvd0YtSDNZU1U2VHdNby1LNW4xbnNUd2ltaDlza2VBNloxU1U?oc=5\" target=\"_blank\" rel=\"nofollow noopener\">Angoisse \u00e0 quelques jours de la rentr\u00e9e pour les \u00e9coliers d&rsquo;Hayange<\/a>&nbsp;&nbsp;Lor&rsquo;FM<\/li>\n<li><a href=\"https:\/\/news.google.com\/rss\/articles\/CBMixgFBVV95cUxNZnI3d2NJQUdub1FsbFYwTmZtejZrZDU1VnY2cHp4NmJiOUdNZ1pYb1NMaUlzNTY1cTZ6dFMxNkk3QW1BUUh0ZXptaVhpaHF4VEE1LTJCZWZmdzAxdlBDOUxCUUd4LUxUQVBWSTBMdkp6M0xhQ0QyaFBXQV9FVE8tWnlldTlVMzBuTXU0UzgzODdzWXd2R0dkTmhTSkNXWEJtc2hQRFFleWZpam1TYURnZldsSXJlZ3B0RXE3MzVOMjhLMFhWR3c?oc=5\" target=\"_blank\" rel=\"nofollow noopener\">La municipalit\u00e9 RN supprime les navettes scolaires \u00e0 Hayange<\/a>&nbsp;&nbsp;20 Minutes<\/li>\n<li><a href=\"https:\/\/news.google.com\/rss\/articles\/CBMiugJBVV95cUxNb2lUcW9JZF9ucWtjX3IzWXJzaEFveTVjbV94c041MzlFUzJxc3lwajlYMk5lMDVZZm9jZmlBVFQ3ajVidnNqdWZreU1nMkVBZXZxTGNKMkh2Y0J4a01nd05veEVwcVlkWDlTX21yTWZONWRaNDRXTE9HeHZ4dGxySXZySWpiaWhBV0N1TFVYYnVRLTVTYnNnc3hiS3hneThRZ1FYME9HSVlIRnFlNVQ4N1FHR2pmZ3EtOFZ0bXJqN0REM1lvTDFGdkFvS2s4QXo1ZnM5ZzdPdzlEeENubXlJcFZBcVlXcXJDeHpjN2kwNXBEYll3NmFLdmxjUS1QUjFzTkgzd0ZtdUVZT00wNl9MTHdnblJSdHdnWm9PVHBmbmZEN29Bdk4xMVZEcFhUZzRWQm5UTU1YQ1BtQQ?oc=5\" target=\"_blank\" rel=\"nofollow noopener\">\u00ab\u00a0Les enfants sont livr\u00e9s \u00e0 eux-m\u00eames\u00a0\u00bb : le ramassage scolaire supprim\u00e9 juste avant la rentr\u00e9e, les parents d&rsquo;\u00e9l\u00e8ves attendent des solutions adapt\u00e9es<\/a>&nbsp;&nbsp;France 3 R\u00e9gions<\/li>\n<li><a href=\"https:\/\/news.google.com\/rss\/articles\/CBMi5wFBVV95cUxNQWtzUnZmX1hrbmlkanNma2Y1eV9CZTM2ZjlfYTUtdFd5ZVFBOU10X0R4VW5Ma0ZuNGRQWHdEeDRsSHZSTjQ4MWRtLUpPeGhZWGRaSkJZb3BwZjlLZGZYZkFtbTFZR1MzREFaRGFFOXhzaUE5Y1oyeXMtc19QWnlRM2tmaUNnWGdqTnlybEpQVEVYb1VFT0tkX2pDMjJ1NG1MOTdBSDhjcVphR1l0LTlmeTgtSV9uVzZUQ0g2d3dQLWtJdy02U01SeHRSMGFmMHlTRHdjNWZjZnp5SVkteWxuYlJ2X0xsMWM?oc=5\" target=\"_blank\" rel=\"nofollow noopener\">\u00c0 Hayange, le maire RN supprime les navettes scolaires et laisse parents et enfants d\u00e9sempar\u00e9s avant la rentr\u00e9e<\/a>&nbsp;&nbsp;L&rsquo;Humanit\u00e9<\/li>\n<li><a href=\"https:\/\/news.google.com\/rss\/articles\/CBMijAFBVV95cUxOSENkQ3dzSnRnZXRZdDBQQURmMlIwZ1dKSDI0ckFQNVdXNnhTNHliV2J6ZW9PRnA1M3FObUhfc1ZhbTVWZjY5dGEtOXJPMjZVWUFUN0FvbmRST19QT2F4aVpVeFVYd2ZjejgxNTRKMXRyODdKeTNLTzJWNmJmV0cwYUhkZ3V4NzcwQmRXeQ?oc=5\" target=\"_blank\" rel=\"nofollow noopener\">Navettes scolaires supprim\u00e9es \u00e0 Hayange : l\u2019UFAL57 saisit le pr\u00e9fet<\/a>&nbsp;&nbsp;Moselle TV<\/li>\n<\/ol>\n","protected":false},"excerpt":{"rendered":"Angoisse \u00e0 quelques jours de la rentr\u00e9e pour les \u00e9coliers d&rsquo;Hayange&nbsp;&nbsp;Lor&rsquo;FM La municipalit\u00e9 RN supprime les navettes scolaires&hellip;\n","protected":false},"author":2,"featured_media":1164884,"comment_status":"","ping_status":"","sticky":false,"template":"","format":"standard","meta":{"footnotes":"","_share_on_mastodon":"0"},"categories":[1355],"tags":[58,59,1011,27,1361,873],"class_list":["post-1164883","post","type-post","status-publish","format-standard","has-post-thumbnail","category-musique","tag-divertissement","tag-entertainment","tag-fr","tag-france","tag-music","tag-musique"],"share_on_mastodon":{"url":"https:\/\/pubeurope.com\/@fr\/117206852951081995","error":""},"_links":{"self":[{"href":"https:\/\/www.europesays.com\/fr\/wp-json\/wp\/v2\/posts\/1164883","targetHints":{"allow":["GET"]}}],"collection":[{"href":"https:\/\/www.europesays.com\/fr\/wp-json\/wp\/v2\/posts"}],"about":[{"href":"https:\/\/www.europesays.com\/fr\/wp-json\/wp\/v2\/types\/post"}],"author":[{"embeddable":true,"href":"https:\/\/www.europesays.com\/fr\/wp-json\/wp\/v2\/users\/2"}],"replies":[{"embeddable":true,"href":"https:\/\/www.europesays.com\/fr\/wp-json\/wp\/v2\/comments?post=1164883"}],"version-history":[{"count":0,"href":"https:\/\/www.europesays.com\/fr\/wp-json\/wp\/v2\/posts\/1164883\/revisions"}],"wp:featuredmedia":[{"embeddable":true,"href":"https:\/\/www.europesays.com\/fr\/wp-json\/wp\/v2\/media\/1164884"}],"wp:attachment":[{"href":"https:\/\/www.europesays.com\/fr\/wp-json\/wp\/v2\/media?parent=1164883"}],"wp:term":[{"taxonomy":"category","embeddable":true,"href":"https:\/\/www.europesays.com\/fr\/wp-json\/wp\/v2\/categories?post=1164883"},{"taxonomy":"post_tag","embeddable":true,"href":"https:\/\/www.europesays.com\/fr\/wp-json\/wp\/v2\/tags?post=1164883"}],"curies":[{"name":"wp","href":"https:\/\/api.w.org\/{rel}","templated":true}]}}