{"id":1164887,"date":"2026-09-03T11:26:18","date_gmt":"2026-09-03T11:26:18","guid":{"rendered":"https:\/\/www.europesays.com\/fr\/1164887\/"},"modified":"2026-09-03T11:26:18","modified_gmt":"2026-09-03T11:26:18","slug":"pret-a-signer-mais-sans-successeur-a-las-rome-pourquoi-manu-kone-na-pas-rejoint-chelsea-lequipe","status":"publish","type":"post","link":"https:\/\/www.europesays.com\/fr\/1164887\/","title":{"rendered":"Pr\u00eat \u00e0 signer mais sans successeur \u00e0 l&#039;AS Rome : pourquoi Manu Kon\u00e9 n&#039;a pas rejoint Chelsea &#8211; L&#039;\u00c9quipe"},"content":{"rendered":"<ol>\n<li><a href=\"https:\/\/news.google.com\/rss\/articles\/CBMi1wFBVV95cUxQWldvV0hULWRUVlk1bGgzV1NENGxhS1F0OFhMenNWLWM2RUtXYTB6ZjBma1h3T19heGxpM0dVekNCTVJocGt0S2hmSUIyQVlVLXNMZnNyS3lnaDVJYTVta2xtUXJBQzlwVmhCbnRDSV9FdG9hVUJtdkt3Z09qTGlpM0tUcmFwTkVYVGlPV3dZcVdWeGc3ZUpiU1JCNDBjVDdmYlNLN09BM0F0LVVIU2Y4U0g3Qi1nRmlLcnNuOXN1LWtVdXFKV3VvTHAxMHJreHVQYU54YURkcw?oc=5\" target=\"_blank\" rel=\"nofollow noopener\">Pr\u00eat \u00e0 signer mais sans successeur \u00e0 l&rsquo;AS Rome : pourquoi Manu Kon\u00e9 n&rsquo;a pas rejoint Chelsea<\/a>&nbsp;&nbsp;L&rsquo;\u00c9quipe<\/li>\n<li><a href=\"https:\/\/news.google.com\/rss\/articles\/CBMiqgFBVV95cUxQQy1pVExVblJjMHRmRWI1bTlQQzhHcDV4YlZ3RVNpMGZzTThRdU5UeHJweU9lR202dmJUZVZsNUxaSXJrVVNBT09XcVNISW1BSm1oUjVQZURkWks0THBnMXcyT0wzSVpQTXN1ekNlUHpOZ25EM0Z6YjE4UzZ0dEhaSGVfVGFaWU9lR29EQVRSRC1lckNvaHQ3endVYkJUOXJkaGFLcmJmX1l5QQ?oc=5\" target=\"_blank\" rel=\"nofollow noopener\">AS Roma : Gasperini a menac\u00e9 de d\u00e9missionner pour Manu Kon\u00e9<\/a>&nbsp;&nbsp;Foot Mercato<\/li>\n<li><a href=\"https:\/\/news.google.com\/rss\/articles\/CBMi6gFBVV95cUxOUHNyeGoxWEt4RjRXXzNtdUxnaUEzS0RNdUZiSUpWQUxXbG50WDNfakJQbDdzQVlnRTQ2T1pzU0thblJLYjk2Ty1XREl3aHhmdDI0d0MySGtwWjBVRlFPVURjT2ZRZzJKZnBhLUs0MHNlbzRZVlFxbEJMaXZ2RHViWmU0dksyaDRLWFVHcll0RExpbXZ4V2NtMnNrSURKUFlRdWlBSEp6dUNZSFBQNnVVUnU2YmpXQVgtT0hPdnotYzVwNHhxQThnVVV2R0FtSEJYemQ0QkxZYmZlYU51SWV3OGtSOFJCTzJ4Ync?oc=5\" target=\"_blank\" rel=\"nofollow noopener\">Mercato: Fernandez, Kon\u00e9, Camara, Gittens\u2026 Chelsea sur tous les fronts dans le sprint final<\/a>&nbsp;&nbsp;RMC Sport<\/li>\n<li><a href=\"https:\/\/news.google.com\/rss\/articles\/CBMilgFBVV95cUxOeVg4eE5JTU9LYkNRdG5vZzRicWJDTWZHTUdrNFFsak8xNngwLUMwXzFHeHdkTkZQY0JGaHp0YnRIaExNaF9vQURLTGpVdVVwbDNGQ09mS0M4Sk1NUVJJa3R2N1ZJckVJdjNfcGFKcy1hZ3RQVFpobG9qWW4wUG04MmVkYUdnVVJpTTFvd0JFUHhwakhtOGc?oc=5\" target=\"_blank\" rel=\"nofollow noopener\">Transfert de Manu Kon\u00e9: La d\u00e9cision est prise, c\u2019est act\u00e9 !<\/a>&nbsp;&nbsp;Yahoo Actualit\u00e9s<\/li>\n<li><a href=\"https:\/\/news.google.com\/rss\/articles\/CBMiuAFBVV95cUxNZ1Qza3B5LXRRUEpEd0FGQk5pMEhRWEVEem8yX2MyUGlDZ1JVb3pTTkhEY3RtQkdka3NnVmNjSlBQVFJMT3hERkxjVEVnZFBUYUg4eGY5cXZoSDNweWVwNTFxcGpjYlJBenpJN0xEbC1hRHloVmNnVEExOGppVGJaZ3AtbjRERUg3dkt0SmJZQjl2cHBYUG9aMndpX0Z6TWFmbkpZM3VIX3lRZVFkU1Y1YllfVDJ0TUda?oc=5\" target=\"_blank\" rel=\"nofollow noopener\">Camavinga ou Manu Kon\u00e9 : quel choix de Chelsea pour remplacer Enzo Fernandez ?<\/a>&nbsp;&nbsp;Sport.fr<\/li>\n<\/ol>\n","protected":false},"excerpt":{"rendered":"Pr\u00eat \u00e0 signer mais sans successeur \u00e0 l&rsquo;AS Rome : pourquoi Manu Kon\u00e9 n&rsquo;a pas rejoint Chelsea&nbsp;&nbsp;L&rsquo;\u00c9quipe AS&hellip;\n","protected":false},"author":2,"featured_media":1164888,"comment_status":"","ping_status":"","sticky":false,"template":"","format":"standard","meta":{"footnotes":"","_share_on_mastodon":"0"},"categories":[9],"tags":[86760,46966,86638,11871,88357,63,1011,27,27596,105443,60,33137],"class_list":["post-1164887","post","type-post","status-publish","format-standard","has-post-thumbnail","category-sports","tag-actus-et-infos","tag-as-roma","tag-championnat-ditalie","tag-chelsea","tag-damien-degorre","tag-football","tag-fr","tag-france","tag-manu-kone","tag-saison-2026-2027","tag-sports","tag-transferts-football"],"share_on_mastodon":{"url":"https:\/\/pubeurope.com\/@fr\/117206868840760248","error":""},"_links":{"self":[{"href":"https:\/\/www.europesays.com\/fr\/wp-json\/wp\/v2\/posts\/1164887","targetHints":{"allow":["GET"]}}],"collection":[{"href":"https:\/\/www.europesays.com\/fr\/wp-json\/wp\/v2\/posts"}],"about":[{"href":"https:\/\/www.europesays.com\/fr\/wp-json\/wp\/v2\/types\/post"}],"author":[{"embeddable":true,"href":"https:\/\/www.europesays.com\/fr\/wp-json\/wp\/v2\/users\/2"}],"replies":[{"embeddable":true,"href":"https:\/\/www.europesays.com\/fr\/wp-json\/wp\/v2\/comments?post=1164887"}],"version-history":[{"count":0,"href":"https:\/\/www.europesays.com\/fr\/wp-json\/wp\/v2\/posts\/1164887\/revisions"}],"wp:featuredmedia":[{"embeddable":true,"href":"https:\/\/www.europesays.com\/fr\/wp-json\/wp\/v2\/media\/1164888"}],"wp:attachment":[{"href":"https:\/\/www.europesays.com\/fr\/wp-json\/wp\/v2\/media?parent=1164887"}],"wp:term":[{"taxonomy":"category","embeddable":true,"href":"https:\/\/www.europesays.com\/fr\/wp-json\/wp\/v2\/categories?post=1164887"},{"taxonomy":"post_tag","embeddable":true,"href":"https:\/\/www.europesays.com\/fr\/wp-json\/wp\/v2\/tags?post=1164887"}],"curies":[{"name":"wp","href":"https:\/\/api.w.org\/{rel}","templated":true}]}}