{"id":1164907,"date":"2026-09-03T11:43:23","date_gmt":"2026-09-03T11:43:23","guid":{"rendered":"https:\/\/www.europesays.com\/fr\/1164907\/"},"modified":"2026-09-03T11:43:23","modified_gmt":"2026-09-03T11:43:23","slug":"un-ballon-captif-pour-proteger-des-drones-la-base-navale-de-toulon-cest-ce-que-va-tester-la-marine-nationale-en-octobre-prochain","status":"publish","type":"post","link":"https:\/\/www.europesays.com\/fr\/1164907\/","title":{"rendered":"Un ballon captif pour prot\u00e9ger des drones la base navale de Toulon, c\u2019est ce que va tester la Marine nationale en octobre prochain"},"content":{"rendered":"<p>On a tous encore \u00e0 l\u2019esprit la spectaculaire vasque &#8211; genre de grosse montgolfi\u00e8re &#8211; qui illuminait chaque soir le ciel de Paris pendant les <strong>Jeux olympiques 2024<\/strong>. En octobre prochain, c\u2019est dans l\u2019azur toulonnais cette fois qu\u2019un ballon captif, certes beaucoup plus discret, devrait s\u2019\u00e9lever.<\/p>\n<p>Dans le cadre d\u2019un exercice, La <strong>Marine nationale<\/strong> envisage en effet de d\u00e9ployer pendant quelques jours un ballon au-dessus de la base navale de Toulon. La Marine n\u2019avait absolument pas pr\u00e9vu de communiquer sur le sujet, mais une indiscr\u00e9tion est sortie dans le journal <strong>Le Marin<\/strong>. Contact\u00e9e, la pr\u00e9fecture maritime de la M\u00e9diterran\u00e9e \u00e0 Toulon confirme, mais n\u2019en r\u00e9v\u00e9lera gu\u00e8re davantage. Tout au plus consent-elle \u00e0 dire que le ballon en question sera utilis\u00e9 pour la d\u00e9tection des drones.<\/p>\n<p class=\"fs-5 \">Interrog\u00e9 sur la menace drone vendredi dernier, le vice-amiral d\u2019escadre Laurent Hermann, nouveau pr\u00e9fet maritime de la M\u00e9diterran\u00e9e, nous avait r\u00e9pondu\u00a0: \u00ab\u00a0nous adaptons nos moyens, nos tactiques, nos postures en permanence afin d\u2019essayer de garder un coup d\u2019avance\u00a0\u00bb.<\/p>\n<p class=\"fs-5 \">Toujours selon le journal Le Marin, le ballon test\u00e9 au mois d\u2019octobre prochain est con\u00e7u et fabriqu\u00e9 par <a href=\"https:\/\/www.nicematin.com\/societe\/defense\/marine\/a-la-ciotat-la-societe-a-nse-concoit-des-ballons-captifs-et-stratospheriques-destines-a-de-multiples-usages-962908\" rel=\"nofollow noopener\" target=\"_blank\">A\u00e9ro-Nautic Services &amp; Engineering<\/a> (A-NSE), une soci\u00e9t\u00e9 bas\u00e9e \u00e0 La Ciotat. En d\u00e9cembre\u00a02024, lorsque nous avions visit\u00e9 les installations d\u2019A-NSE, Baptiste Regas, son pr\u00e9sident, nous avait affirm\u00e9\u00a0: \u00ab\u00a0Pour surveiller quelque chose de fixe, on ne fait pas mieux que le ballon captif\u00a0\u00bb.<\/p>\n<p>    <img src=\"https:\/\/www.europesays.com\/fr\/wp-content\/uploads\/2026\/09\/ARTBLOCKVIEW-10716742-1128-0-8ba1765_upload-1-nyz08h48ye4x-anse2.jpg\"   class=\"figure-img img-fluid rounded d-block mb-0 w-100\" loading=\"lazy\" decoding=\"async\" alt=\"En mars\u00a02025, la Marine nationale avait d\u00e9j\u00e0 test\u00e9, depuis le porte-h\u00e9licopt\u00e8res amphibie Tonnerre, un ballon captif de la soci\u00e9t\u00e9 A-NSE \u00e0 l\u2019occasion de l\u2019exercice Dragoon Fury.\"\/><\/p>\n<p>                                    En mars\u00a02025, la Marine nationale avait d\u00e9j\u00e0 test\u00e9, depuis le porte-h\u00e9licopt\u00e8res amphibie Tonnerre, un ballon captif de la soci\u00e9t\u00e9 A-NSE \u00e0 l\u2019occasion de l\u2019exercice Dragoon Fury. <br \/>Marine nationale \/ D\u00e9fense<\/p>\n<p class=\"fs-5 \">Capables d\u2019amener une charge utile de 300\u00a0kg (on peut imaginer des cam\u00e9ras infrarouges, des radars, des brouilleurs, des technologies d\u2019intelligence artificielle) \u00e0 1\u00a0500\u00a0m d\u2019altitude, et ce pendant quarante jours, les a\u00e9rostats ciotadens ont d\u00e9j\u00e0 s\u00e9duit l\u2019arm\u00e9e allemande, l\u2019agence europ\u00e9enne de gardes-fronti\u00e8res (Frontex), la Mission de maintien de la paix des Nations Unies au Mali, ou encore les marins-pompiers de Marseille.<\/p>\n<p>    L\u2019arm\u00e9e de l\u2019air aussi<\/p>\n<p class=\"fs-5 \">L\u2019arm\u00e9e fran\u00e7aise n\u2019est pas en reste. On se souvient que la Marine nationale avait d\u00e9j\u00e0 eu recours \u00e0 un ballon d\u2019A-NSE depuis le porte-h\u00e9licopt\u00e8res amphibie Tonnerre. C\u2019\u00e9tait en mars\u00a02025, au large de Toulon, lors de l\u2019exercice Dragoon Fury.<\/p>\n<p class=\"fs-5 \">Depuis le 31\u00a0ao\u00fbt dernier, l\u2019arm\u00e9e de l\u2019air et de l\u2019espace exp\u00e9rimente \u00e9galement un ballon captif sur la base a\u00e9rienne 113\u00a0de Saint-Dizier. L\u00e0 encore il s\u2019agit de tester de nouvelles capacit\u00e9s de d\u00e9tection et de lutte contre les drones peut-on lire sur la page Facebook de la BA 113.<\/p>\n","protected":false},"excerpt":{"rendered":"On a tous encore \u00e0 l\u2019esprit la spectaculaire vasque &#8211; genre de grosse montgolfi\u00e8re &#8211; qui illuminait chaque&hellip;\n","protected":false},"author":2,"featured_media":1164908,"comment_status":"","ping_status":"","sticky":false,"template":"","format":"standard","meta":{"footnotes":"","_share_on_mastodon":"0"},"categories":[9619],"tags":[1111,11,1777,674,1011,27,6128,12,882,25,2310],"class_list":["post-1164907","post","type-post","status-publish","format-standard","has-post-thumbnail","category-toulon","tag-actu","tag-actualites","tag-eu","tag-europe","tag-fr","tag-france","tag-marine","tag-news","tag-provence-alpes-cote-dazur","tag-republique-francaise","tag-toulon"],"share_on_mastodon":{"url":"https:\/\/pubeurope.com\/@fr\/117206937367468595","error":""},"_links":{"self":[{"href":"https:\/\/www.europesays.com\/fr\/wp-json\/wp\/v2\/posts\/1164907","targetHints":{"allow":["GET"]}}],"collection":[{"href":"https:\/\/www.europesays.com\/fr\/wp-json\/wp\/v2\/posts"}],"about":[{"href":"https:\/\/www.europesays.com\/fr\/wp-json\/wp\/v2\/types\/post"}],"author":[{"embeddable":true,"href":"https:\/\/www.europesays.com\/fr\/wp-json\/wp\/v2\/users\/2"}],"replies":[{"embeddable":true,"href":"https:\/\/www.europesays.com\/fr\/wp-json\/wp\/v2\/comments?post=1164907"}],"version-history":[{"count":0,"href":"https:\/\/www.europesays.com\/fr\/wp-json\/wp\/v2\/posts\/1164907\/revisions"}],"wp:featuredmedia":[{"embeddable":true,"href":"https:\/\/www.europesays.com\/fr\/wp-json\/wp\/v2\/media\/1164908"}],"wp:attachment":[{"href":"https:\/\/www.europesays.com\/fr\/wp-json\/wp\/v2\/media?parent=1164907"}],"wp:term":[{"taxonomy":"category","embeddable":true,"href":"https:\/\/www.europesays.com\/fr\/wp-json\/wp\/v2\/categories?post=1164907"},{"taxonomy":"post_tag","embeddable":true,"href":"https:\/\/www.europesays.com\/fr\/wp-json\/wp\/v2\/tags?post=1164907"}],"curies":[{"name":"wp","href":"https:\/\/api.w.org\/{rel}","templated":true}]}}