{"id":1164952,"date":"2026-09-03T12:17:27","date_gmt":"2026-09-03T12:17:27","guid":{"rendered":"https:\/\/www.europesays.com\/fr\/1164952\/"},"modified":"2026-09-03T12:17:27","modified_gmt":"2026-09-03T12:17:27","slug":"echecs-le-creps-dile-de-france-forme-les-grands-talents-de-demain","status":"publish","type":"post","link":"https:\/\/www.europesays.com\/fr\/1164952\/","title":{"rendered":"\u00c9checs : le CREPS d\u2019\u00cele-de-France forme les grands talents de demain"},"content":{"rendered":"<p dir=\"ltr\" style=\"text-align: justify;\"><strong>Au CREPS d\u2019\u00cele-de-France \u00e0 Ch\u00e2tenay-Malabry, 50 jeunes espoirs des \u00e9checs (cat\u00e9gories U8 \u00e0 U14) se sont r\u00e9unis du 26 au 29 ao\u00fbt. Issus du programme de performance f\u00e9d\u00e9ral, ces jeunes talents ont lanc\u00e9 leur pr\u00e9paration pour la saison 2026-2027.<\/strong><\/p>\n<p><strong>Technique et jeu au programme<\/strong><\/p>\n<p dir=\"ltr\" style=\"text-align: justify;\">Durant quatre jours, les jeunes ont encha\u00een\u00e9 les exercices pratiques et le travail des fondamentaux, sans pour autant n\u00e9gliger la dimension ludique du stage.<\/p>\n<p dir=\"ltr\" style=\"text-align: justify;\">En effet, l\u2019un des temps forts a \u00e9t\u00e9 la masterclass anim\u00e9e par le grand ma\u00eetre international Laurent Fressinet, aujourd\u2019hui manager de la Haute Performance \u00e0 la F\u00e9d\u00e9ration Fran\u00e7aise des \u00c9checs. Recordman de s\u00e9lections en \u00c9quipe de France, cet homme originaire de Dax, double champion de France (2010 et 2014), est une v\u00e9ritable r\u00e9f\u00e9rence des <a href=\"https:\/\/www.sportmag.fr\/echecs\/\" rel=\"nofollow noopener\" target=\"_blank\">\u00e9checs<\/a>. Par la suite, il a pass\u00e9 une d\u00e9cennie comme secondant de Magnus Carlsen, avant de se consacrer pleinement \u00e0 la formation des jeunes talents tricolores. Concr\u00e8tement, un \u00ab\u00a0secondant\u00a0\u00bb est un entra\u00eeneur et un assistant de l\u2019ombre qui pr\u00e9pare un joueur de tr\u00e8s haut niveau pour ses comp\u00e9titions.<\/p>\n<p dir=\"ltr\" style=\"text-align: justify;\">Au-del\u00e0 des \u00e9chiquiers, les participants ont aussi travaill\u00e9 \u00e0 construire leur programme personnel pour la saison \u00e0 venir. Une mani\u00e8re de structurer ainsi leur progression sur le long terme.<\/p>\n<p dir=\"ltr\" style=\"text-align: justify;\"><a href=\"https:\/\/www.sports.gouv.fr\/septembre-bouge-2026\" rel=\"nofollow noopener\" target=\"_blank\"><img loading=\"lazy\" decoding=\"async\" class=\"size-full wp-image-180498 alignleft\" src=\"data:image\/svg+xml,%3Csvg%20xmlns=\" http:=\"\" alt=\"\" width=\"300\" height=\"250\" data-lazy-src=\"https:\/\/www.europesays.com\/fr\/wp-content\/uploads\/2026\/09\/PUB_FDS_National_300x250.jpg\"\/><\/a><\/p>\n<p><strong>Un encadrement bien fourni<\/strong><\/p>\n<p dir=\"ltr\" style=\"text-align: justify;\">\u00c0 Ch\u00e2tenay-Malabry, dans les <a href=\"https:\/\/www.sportmag.fr\/ile-de-france\/hauts-de-seine\/\" rel=\"nofollow noopener\" target=\"_blank\">Hauts-de-Seine<\/a>, l\u2019organisation du stage a mobilis\u00e9 une \u00e9quipe nombreuse. Jean-Baptiste Mullon, s\u00e9lectionneur national des jeunes, Matthieu Vieira, membre du bureau f\u00e9d\u00e9ral, et Christine Flear, cheffe de d\u00e9l\u00e9gation des \u00e9quipes de France des Jeunes, ont encadr\u00e9 l\u2019ensemble du s\u00e9jour. \u00c0 leurs c\u00f4t\u00e9s, huit entra\u00eeneurs, tous titr\u00e9s, parmi lesquels le grand ma\u00eetre international Olivier Renet ou encore la ma\u00eetre internationale f\u00e9minine Cyrielle Monpeurt. <a href=\"http:\/\/www.echecs.asso.fr\/Actu.aspx?Ref=16159\" rel=\"nofollow noopener\" target=\"_blank\">La F\u00e9d\u00e9ration a \u00e9galement tenu \u00e0 remercier le CREPS d\u2019\u00cele-de-France<\/a> pour son accueil, ainsi que les autres soutiens.<\/p>\n<p dir=\"ltr\" style=\"text-align: justify;\">Et l\u2019aventure ne s\u2019arr\u00eate pas l\u00e0. En effet, un entra\u00eenement hebdomadaire \u00e0 distance prendra le relais jusqu\u2019aux prochains Championnats de France des Jeunes.<\/p>\n","protected":false},"excerpt":{"rendered":"Au CREPS d\u2019\u00cele-de-France \u00e0 Ch\u00e2tenay-Malabry, 50 jeunes espoirs des \u00e9checs (cat\u00e9gories U8 \u00e0 U14) se sont r\u00e9unis du&hellip;\n","protected":false},"author":2,"featured_media":1164953,"comment_status":"","ping_status":"","sticky":false,"template":"","format":"standard","meta":{"footnotes":"","_share_on_mastodon":"0"},"categories":[1592],"tags":[1111,11,120102,120103,1777,674,120104,1011,27,3314,662,12,626,25,13167],"class_list":["post-1164952","post","type-post","status-publish","format-standard","has-post-thumbnail","category-ile-de-france","tag-actu","tag-actualites","tag-creps-idf","tag-creps-ile-de-france","tag-eu","tag-europe","tag-federation-francaise-des-echecs","tag-fr","tag-france","tag-hauts-de-seine","tag-ile-de-france","tag-news","tag-paris","tag-republique-francaise","tag-ville-de-paris"],"share_on_mastodon":{"url":"https:\/\/pubeurope.com\/@fr\/117207069251485324","error":""},"_links":{"self":[{"href":"https:\/\/www.europesays.com\/fr\/wp-json\/wp\/v2\/posts\/1164952","targetHints":{"allow":["GET"]}}],"collection":[{"href":"https:\/\/www.europesays.com\/fr\/wp-json\/wp\/v2\/posts"}],"about":[{"href":"https:\/\/www.europesays.com\/fr\/wp-json\/wp\/v2\/types\/post"}],"author":[{"embeddable":true,"href":"https:\/\/www.europesays.com\/fr\/wp-json\/wp\/v2\/users\/2"}],"replies":[{"embeddable":true,"href":"https:\/\/www.europesays.com\/fr\/wp-json\/wp\/v2\/comments?post=1164952"}],"version-history":[{"count":0,"href":"https:\/\/www.europesays.com\/fr\/wp-json\/wp\/v2\/posts\/1164952\/revisions"}],"wp:featuredmedia":[{"embeddable":true,"href":"https:\/\/www.europesays.com\/fr\/wp-json\/wp\/v2\/media\/1164953"}],"wp:attachment":[{"href":"https:\/\/www.europesays.com\/fr\/wp-json\/wp\/v2\/media?parent=1164952"}],"wp:term":[{"taxonomy":"category","embeddable":true,"href":"https:\/\/www.europesays.com\/fr\/wp-json\/wp\/v2\/categories?post=1164952"},{"taxonomy":"post_tag","embeddable":true,"href":"https:\/\/www.europesays.com\/fr\/wp-json\/wp\/v2\/tags?post=1164952"}],"curies":[{"name":"wp","href":"https:\/\/api.w.org\/{rel}","templated":true}]}}