{"id":1164960,"date":"2026-09-03T12:23:21","date_gmt":"2026-09-03T12:23:21","guid":{"rendered":"https:\/\/www.europesays.com\/fr\/1164960\/"},"modified":"2026-09-03T12:23:21","modified_gmt":"2026-09-03T12:23:21","slug":"face-a-la-russie-des-pays-europeens-se-preparent-a-la-guerre","status":"publish","type":"post","link":"https:\/\/www.europesays.com\/fr\/1164960\/","title":{"rendered":"Face \u00e0 la Russie, des pays europ\u00e9ens se pr\u00e9parent \u00e0 la guerre"},"content":{"rendered":"<p class=\"jsx-a2e2feb2a010d590 Time\">Publi\u00e9 le 3 septembre 2026 \u00e0 12h57<\/p>\n<p class=\"jsx-3150768112 jsx-3884010115 ExpandableText__Text\">Un exercice parmi les plus grands est organis\u00e9 en Europe. Depuis la fin de la Seconde Guerre mondiale, 2 000 Finlandais viennent de se pr\u00e9parer \u00e0 une \u00e9ventuelle attaque russe. Ils ont d\u00fb se r\u00e9fugier dans un abri g\u00e9ant, creus\u00e9 sous une montagne, en simulant une agression militaire au c\u0153ur de l&rsquo;Europe et en int\u00e9grant une attaque chimique avec des bunkers confin\u00e9s. D&rsquo;autres pays de l&rsquo;Union europ\u00e9enne s&rsquo;entra\u00eenent et se prot\u00e8gent \u00e0 leurs fronti\u00e8res face aux provocations de Moscou.<\/p>\n<p>Lire plusReplier<\/p>\n","protected":false},"excerpt":{"rendered":"Publi\u00e9 le 3 septembre 2026 \u00e0 12h57 Un exercice parmi les plus grands est organis\u00e9 en Europe. Depuis&hellip;\n","protected":false},"author":2,"featured_media":1164961,"comment_status":"","ping_status":"","sticky":false,"template":"","format":"standard","meta":{"footnotes":"","_share_on_mastodon":"0"},"categories":[1591],"tags":[11,5925,1887,5008,12,2543,1885,1886,132,364,133,1920],"class_list":["post-1164960","post","type-post","status-publish","format-standard","has-post-thumbnail","category-russie","tag-actualites","tag-conflits-et-guerre","tag-federation-de-russie","tag-le-13h","tag-news","tag-relations-internationales","tag-russia","tag-russian-federation","tag-russie","tag-union-europeenne","tag-video","tag-video-international"],"share_on_mastodon":{"url":"https:\/\/pubeurope.com\/@fr\/117207092913499760","error":""},"_links":{"self":[{"href":"https:\/\/www.europesays.com\/fr\/wp-json\/wp\/v2\/posts\/1164960","targetHints":{"allow":["GET"]}}],"collection":[{"href":"https:\/\/www.europesays.com\/fr\/wp-json\/wp\/v2\/posts"}],"about":[{"href":"https:\/\/www.europesays.com\/fr\/wp-json\/wp\/v2\/types\/post"}],"author":[{"embeddable":true,"href":"https:\/\/www.europesays.com\/fr\/wp-json\/wp\/v2\/users\/2"}],"replies":[{"embeddable":true,"href":"https:\/\/www.europesays.com\/fr\/wp-json\/wp\/v2\/comments?post=1164960"}],"version-history":[{"count":0,"href":"https:\/\/www.europesays.com\/fr\/wp-json\/wp\/v2\/posts\/1164960\/revisions"}],"wp:featuredmedia":[{"embeddable":true,"href":"https:\/\/www.europesays.com\/fr\/wp-json\/wp\/v2\/media\/1164961"}],"wp:attachment":[{"href":"https:\/\/www.europesays.com\/fr\/wp-json\/wp\/v2\/media?parent=1164960"}],"wp:term":[{"taxonomy":"category","embeddable":true,"href":"https:\/\/www.europesays.com\/fr\/wp-json\/wp\/v2\/categories?post=1164960"},{"taxonomy":"post_tag","embeddable":true,"href":"https:\/\/www.europesays.com\/fr\/wp-json\/wp\/v2\/tags?post=1164960"}],"curies":[{"name":"wp","href":"https:\/\/api.w.org\/{rel}","templated":true}]}}