{"id":1164964,"date":"2026-09-03T12:25:20","date_gmt":"2026-09-03T12:25:20","guid":{"rendered":"https:\/\/www.europesays.com\/fr\/1164964\/"},"modified":"2026-09-03T12:25:20","modified_gmt":"2026-09-03T12:25:20","slug":"usa-wall-street-dans-lexpectative-avant-le-rapport-sur-lemploi-de-vendredi","status":"publish","type":"post","link":"https:\/\/www.europesays.com\/fr\/1164964\/","title":{"rendered":"USA: Wall Street dans l&rsquo;expectative avant le rapport sur l&#8217;emploi de vendredi"},"content":{"rendered":"<p>Actualit\u00e9 publi\u00e9e le 03\/09\/26 13:30<\/p>\n<p>        &#13;<br \/>\n            <img decoding=\"async\" src=\"https:\/\/www.europesays.com\/fr\/wp-content\/uploads\/2026\/01\/1768015512_200_824-c.jpg\" alt=\"bourse S&amp;P 500\"\/><\/p>\n<p>La Bourse de New York est attendue proche de<br \/>\nl&rsquo;\u00e9quilibre jeudi, alors que les cours du p\u00e9trole repartent<br \/>\n\u00e0 la hausse \u00e0 la suite de nouvelles frappes iraniennes \u00e0<br \/>\nla veille du tr\u00e8s attendu rapport sur l&#8217;emploi pour ao\u00fbt aux<br \/>\nEtats-Unis.<\/p>\n<p>Vers 13h15, le contrat \u00e0 terme sur l&rsquo;<a href=\"https:\/\/www.abcbourse.com\/cotation\/DJIAx\" rel=\"nofollow noopener\" target=\"_blank\">indice Dow Jones<\/a> grappillait<br \/>\n0,1%, \u00e0 53.165 points tandis que celui sur le S&amp;P 500 \u00e9tait<br \/>\npratiquement stable, \u00e0 7.675 points. Pour sa part, le contrat sur<br \/>\nle Nasdaq 100, riche en valeurs technologiques, reculait de 0,2%, \u00e0<br \/>\n29.141 points.<\/p>\n<p>L&rsquo;Iran a de nouveau vis\u00e9 jeudi des cibles militaires<br \/>\nam\u00e9ricaines au Kowe\u00eft et aux Emirats arabes unis, a<br \/>\nannonc\u00e9 l&rsquo;AFP. Dans ce contexte, les cours de l&rsquo;or noir sont<br \/>\nrepartis \u00e0 la hausse. Le contrat d&rsquo;octobre sur le brut l\u00e9ger<br \/>\ndoux (WTI) cot\u00e9 au Nymex progressait de 1,8%, \u00e0 92,65 dollars<br \/>\nle baril.<\/p>\n<p>En revanche, les tensions se sont calm\u00e9es sur les march\u00e9s de<br \/>\ntaux \u00e0 la veille du tr\u00e8s attendu rapport sur l&#8217;emploi pour le<br \/>\nmois d&rsquo;ao\u00fbt. Aux Etats-Unis, le taux du bon du Tr\u00e9sor \u00e0<br \/>\n10 ans est pratiquement stable, \u00e0 4,78%.<\/p>\n<p>L&rsquo;indice <a href=\"https:\/\/www.abcbourse.com\/marches\/economie_indice_ism_services_usa-8\" rel=\"nofollow noopener\" target=\"_blank\">ISM des services<\/a> pour ao\u00fbt aux Etats-Unis sera \u00e0<br \/>\nsurveiller \u00e0 16 heures, une bonne surprise pouvant r\u00e9veiller<br \/>\nles tensions sur le march\u00e9 des taux.<\/p>\n<p>Du c\u00f4t\u00e9 des valeurs, la soci\u00e9t\u00e9 de semi-conducteurs<br \/>\net de logiciels Broadcom est attendue dans le rouge, les investisseurs<br \/>\nfaisant la fine bouche sur ses r\u00e9sultats.<\/p>\n<p>Sur le march\u00e9 des changes, l&rsquo;indice DXY, qui mesure la valeur du<br \/>\nbillet vert face \u00e0 un panier de devises, perdait 0,4%, \u00e0 99,22<br \/>\npoints.<\/p>\n<p>EVENEMENTS A VENIR:<\/p>\n<p>14h30: balance commerciale en juillet<\/p>\n<p>14h30: demandes hebdomadaires d&rsquo;allocations ch\u00f4mage<\/p>\n<p>16h00: indice ISM des services en ao\u00fbt<\/p>\n<p>21h00: allocutions de la pr\u00e9sidente de la Fed de Cleveland et du<br \/>\npr\u00e9sident de la Fed de Chicago<\/p>\n<p>Agefi-Dow Jones The financial newswire<\/p>\n<p>&#13;<br \/>\n            &#13;<\/p>\n<p>Vous avez aim\u00e9 cet article ? Partagez-le avec vos amis avec les boutons ci-dessous.<\/p>\n","protected":false},"excerpt":{"rendered":"Actualit\u00e9 publi\u00e9e le 03\/09\/26 13:30 &#13; La Bourse de New York est attendue proche de l&rsquo;\u00e9quilibre jeudi, alors&hellip;\n","protected":false},"author":2,"featured_media":699688,"comment_status":"","ping_status":"","sticky":false,"template":"","format":"standard","meta":{"footnotes":"","_share_on_mastodon":"0"},"categories":[1589],"tags":[11,73,1866,12,1864,1865,1863,308],"class_list":["post-1164964","post","type-post","status-publish","format-standard","has-post-thumbnail","category-etats-unis","tag-actualites","tag-etats-unis","tag-etats-unis-damerique","tag-news","tag-united-states","tag-united-states-of-america","tag-us","tag-usa"],"share_on_mastodon":{"url":"https:\/\/pubeurope.com\/@fr\/117207102440577849","error":""},"_links":{"self":[{"href":"https:\/\/www.europesays.com\/fr\/wp-json\/wp\/v2\/posts\/1164964","targetHints":{"allow":["GET"]}}],"collection":[{"href":"https:\/\/www.europesays.com\/fr\/wp-json\/wp\/v2\/posts"}],"about":[{"href":"https:\/\/www.europesays.com\/fr\/wp-json\/wp\/v2\/types\/post"}],"author":[{"embeddable":true,"href":"https:\/\/www.europesays.com\/fr\/wp-json\/wp\/v2\/users\/2"}],"replies":[{"embeddable":true,"href":"https:\/\/www.europesays.com\/fr\/wp-json\/wp\/v2\/comments?post=1164964"}],"version-history":[{"count":0,"href":"https:\/\/www.europesays.com\/fr\/wp-json\/wp\/v2\/posts\/1164964\/revisions"}],"wp:featuredmedia":[{"embeddable":true,"href":"https:\/\/www.europesays.com\/fr\/wp-json\/wp\/v2\/media\/699688"}],"wp:attachment":[{"href":"https:\/\/www.europesays.com\/fr\/wp-json\/wp\/v2\/media?parent=1164964"}],"wp:term":[{"taxonomy":"category","embeddable":true,"href":"https:\/\/www.europesays.com\/fr\/wp-json\/wp\/v2\/categories?post=1164964"},{"taxonomy":"post_tag","embeddable":true,"href":"https:\/\/www.europesays.com\/fr\/wp-json\/wp\/v2\/tags?post=1164964"}],"curies":[{"name":"wp","href":"https:\/\/api.w.org\/{rel}","templated":true}]}}