{"id":1164975,"date":"2026-09-03T12:40:20","date_gmt":"2026-09-03T12:40:20","guid":{"rendered":"https:\/\/www.europesays.com\/fr\/1164975\/"},"modified":"2026-09-03T12:40:20","modified_gmt":"2026-09-03T12:40:20","slug":"cyclisme-tour-de-grande-bretagne-lewis-askey-cest-pour-ca-que-je-fais-du-velo","status":"publish","type":"post","link":"https:\/\/www.europesays.com\/fr\/1164975\/","title":{"rendered":"Cyclisme. Tour de Grande-Bretagne &#8211; Lewis Askey : \u00abC\u2019est pour \u00e7a que je fais du v\u00e9lo\u00bb"},"content":{"rendered":"<p>Longtemps \u00e0 la recherche d&rsquo;une victoire cette saison malgr\u00e9 plusieurs places d&rsquo;honneur, <strong>Lewis Askey<\/strong> a enfin d\u00e9croch\u00e9 le succ\u00e8s qu&rsquo;il attendait sur la 1\u00e8re \u00e9tape du <strong><a href=\"https:\/\/www.cyclismactu.net\/..\/news-tour-de-grande-bretagne-route-lewis-askey-1ere-etape-ganna-et-wellens-sur-podium-95827.html\" target=\"_blank\" rel=\"nofollow noopener\">Tour de Grande-Bretagne<\/a><\/strong>. Le Britannique de la <strong>NSN<\/strong> a parfaitement exploit\u00e9 les pentes pav\u00e9es du Michealgate pour s&rsquo;isoler dans le final et s&rsquo;imposer en solitaire \u00e0 Lincoln, devant <strong>Filippo Ganna<\/strong>\u00a0(Netcompany INEOS) et <strong>Tim Wellens<\/strong>\u00a0(UAE Team Emirates XRG). Un succ\u00e8s d&rsquo;autant plus important qu&rsquo;<strong>Askey <\/strong>nourrit \u00e9galement des ambitions au classement g\u00e9n\u00e9ral de cette \u00e9dition 2026.<\/p>\n<p>\u00a0<\/p>\n<p>\u00ab\u00a0C\u2019\u00e9tait donc tr\u00e8s compliqu\u00e9 \u00e0 g\u00e9rer\u00a0\u00bb<\/p>\n<p class=\"PDq2pG_selectionAnchorContainer\">\u00ab\u00a0J\u2019ai souvent \u00e9t\u00e9 tout pr\u00e8s cette ann\u00e9e, notamment aux Championnats nationaux. J\u2019ai termin\u00e9 deuxi\u00e8me \u00e0 quelques reprises, troisi\u00e8me aussi. Alors r\u00e9ussir \u00e0 d\u00e9crocher une victoire et lever les bras, je pense que c\u2019est pour \u00e7a que je fais du v\u00e9lo. Je suis tellement heureux de pouvoir vivre \u00e7a \u00e0 nouveau cette ann\u00e9e\u00a0\u00bb, a d\u00e9clar\u00e9 <strong>Askey<\/strong>. \u00ab\u00a0Pour \u00eatre honn\u00eate, c\u2019\u00e9tait une course vraiment difficile \u00e0 g\u00e9rer pour moi, parce que j\u2019\u00e9tais le seul repr\u00e9sentant de mon \u00e9quipe dans le groupe de t\u00eate, alors que les autres \u00e9quipes avaient deux coureurs. C\u2019\u00e9tait donc tr\u00e8s compliqu\u00e9 \u00e0 g\u00e9rer. Je devais simplement choisir les coureurs dont je pensais qu\u2019ils allaient rouler pour revenir et compter \u00e0 chaque fois combien de gars partaient.\u00a0\u00bb<\/p>\n<p>\u00ab\u00a0Je savais que si j\u2019arrivais \u00e0 la derni\u00e8re ascension, j\u2019avais de tr\u00e8s bonnes sensations depuis une semaine environ et que j\u2019aurais les jambes pour faire un gros effort et, au minimum, \u00eatre dans le coup pour la victoire. Il fallait simplement que je me mette dans cette position. Je pensais que c\u2019\u00e9tait presque termin\u00e9 \u00e0 la fin, mais j\u2019ai finalement r\u00e9ussi \u00e0 avoir les jambes pour revenir dans le final\u00a0\u00bb, poursuit-il.\u00a0\u00ab\u00a0Je suis venu ici avec l\u2019objectif de jouer le classement g\u00e9n\u00e9ral. Je savais que cette \u00e9tape allait probablement d\u00e9cider de toute la semaine. Je pense que beaucoup ne s\u2019attendaient peut-\u00eatre pas \u00e0 voir de tels \u00e9carts, mais c\u2019est pourtant ce qui s\u2019est pass\u00e9. Je devais \u00eatre performant aujourd\u2019hui pour montrer que j\u2019\u00e9tais capable de jouer le classement g\u00e9n\u00e9ral. Donc oui, je suis assez satisfait.\u00a0\u00bb<\/p>\n<p>Tour de Grande-Bretagne &#8211; Classement de la 1\u00e8 \u00e9tape Tour de Grande-Bretagne &#8211; Classement g\u00e9n\u00e9ral provisoire apr\u00e8s la 1\u00e8 \u00e9tapeA lire aussi&#8230;<\/p>\n","protected":false},"excerpt":{"rendered":"Longtemps \u00e0 la recherche d&rsquo;une victoire cette saison malgr\u00e9 plusieurs places d&rsquo;honneur, Lewis Askey a enfin d\u00e9croch\u00e9 le&hellip;\n","protected":false},"author":2,"featured_media":1164976,"comment_status":"","ping_status":"","sticky":false,"template":"","format":"standard","meta":{"footnotes":"","_share_on_mastodon":"0"},"categories":[1411],"tags":[1154,207,211,1011,27,209,60,210,50033,212,208,213],"class_list":["post-1164975","post","type-post","status-publish","format-standard","has-post-thumbnail","category-cyclisme","tag-cycling","tag-cyclisme","tag-ffc","tag-fr","tag-france","tag-route","tag-sports","tag-tour-de-france","tag-tour-de-grande-bretagne","tag-uci","tag-velo","tag-world-tour"],"share_on_mastodon":{"url":"https:\/\/pubeurope.com\/@fr\/117207159423200274","error":""},"_links":{"self":[{"href":"https:\/\/www.europesays.com\/fr\/wp-json\/wp\/v2\/posts\/1164975","targetHints":{"allow":["GET"]}}],"collection":[{"href":"https:\/\/www.europesays.com\/fr\/wp-json\/wp\/v2\/posts"}],"about":[{"href":"https:\/\/www.europesays.com\/fr\/wp-json\/wp\/v2\/types\/post"}],"author":[{"embeddable":true,"href":"https:\/\/www.europesays.com\/fr\/wp-json\/wp\/v2\/users\/2"}],"replies":[{"embeddable":true,"href":"https:\/\/www.europesays.com\/fr\/wp-json\/wp\/v2\/comments?post=1164975"}],"version-history":[{"count":0,"href":"https:\/\/www.europesays.com\/fr\/wp-json\/wp\/v2\/posts\/1164975\/revisions"}],"wp:featuredmedia":[{"embeddable":true,"href":"https:\/\/www.europesays.com\/fr\/wp-json\/wp\/v2\/media\/1164976"}],"wp:attachment":[{"href":"https:\/\/www.europesays.com\/fr\/wp-json\/wp\/v2\/media?parent=1164975"}],"wp:term":[{"taxonomy":"category","embeddable":true,"href":"https:\/\/www.europesays.com\/fr\/wp-json\/wp\/v2\/categories?post=1164975"},{"taxonomy":"post_tag","embeddable":true,"href":"https:\/\/www.europesays.com\/fr\/wp-json\/wp\/v2\/tags?post=1164975"}],"curies":[{"name":"wp","href":"https:\/\/api.w.org\/{rel}","templated":true}]}}