{"id":1164981,"date":"2026-09-03T12:49:22","date_gmt":"2026-09-03T12:49:22","guid":{"rendered":"https:\/\/www.europesays.com\/fr\/1164981\/"},"modified":"2026-09-03T12:49:22","modified_gmt":"2026-09-03T12:49:22","slug":"carol-offen-specialiste-du-vieillissement-la-plus-grande-surprise-du-corps-qui-vieillit-ce-nest-pas-le-declin-physique-mais-lesprit-qui-reste-jeune","status":"publish","type":"post","link":"https:\/\/www.europesays.com\/fr\/1164981\/","title":{"rendered":"Carol Offen, sp\u00e9cialiste du vieillissement\u00a0: \u00ab\u00a0La plus grande surprise du corps qui vieillit, ce n&rsquo;est pas le d\u00e9clin physique, mais l&rsquo;esprit qui reste jeune\u00a0\u00bb"},"content":{"rendered":"<p>                                                        <img decoding=\"async\" src=\"https:\/\/www.europesays.com\/fr\/wp-content\/uploads\/2026\/09\/1500x-40094497.jpg\" alt=\"Carol Offen, sp\u00e9cialiste du vieillissement\u00a0: &quot;La plus grande surprise du corps qui vieillit, ce n'est pas le d\u00e9clin physique, mais l'esprit qui reste jeune&quot;\" width=\"1500\" height=\"1000\" fetchpriority=\"high\" class=\"w-full sm:w-32 md:w-40 h-auto rounded object-cover\"\/><\/p>\n<p>                                                                Il existe un d\u00e9calage beaucoup plus troublant, presque invisible pour les autres, et que les jeunes g\u00e9n\u00e9rations ont bien du mal \u00e0 imaginer avant de l&rsquo;avoir elles-m\u00eames v\u00e9cu.\n                                    <\/p>\n<p class=\"text-base text-gray-800 leading-relaxed mb-4\">Quand on pense \u00ab\u00a0vieillissement\u00a0\u00bb, on pense \u00ab\u00a0cheveux blancs\u00a0\u00bb, \u00ab\u00a0rides\u00a0\u00bb, \u00ab\u00a0d\u00e9marche moins rapide\u00a0\u00bb ou encore \u00ab\u00a0articulations douloureuses\u00a0\u00bb. Effectivement, avec les ann\u00e9es, le corps change et certaines choses deviennent plus difficiles. Plus encore apr\u00e8s 70 ans, comme le raconte Carol Offen, autrice am\u00e9ricaine sp\u00e9cialis\u00e9e sur le vieillissement, dans le m\u00e9dia <a href=\"https:\/\/medium.com\/crows-feet\/the-dirty-little-secret-that-young-people-dont-know-about-aging-82476df704e2\" target=\"_blank\" rel=\"nofollow noopener\">Medium<\/a>.\u00a0 Mais une autre cons\u00e9quence de l&rsquo;\u00e2ge d\u00e9route beaucoup plus ceux qui la vivent. Et les plus jeunes ont g\u00e9n\u00e9ralement du mal \u00e0 l&rsquo;imaginer.<\/p>\n<p class=\"text-base text-gray-800 leading-relaxed mb-4\">\u00c0 78 ans, Carol Offen en a fait elle-m\u00eame l&rsquo;exp\u00e9rience : vieillir produit un \u00e9trange d\u00e9calage entre ce que montre le corps et ce que l&rsquo;on ressent int\u00e9rieurement.\u00a0La grande surprise\u00a0? On ne se sent pas forc\u00e9ment vieux. M\u00eame lorsque le miroir, les genoux ou la date de naissance disent exactement le contraire. Carol Offen explique que beaucoup de personnes de sa g\u00e9n\u00e9ration ne pensent tout simplement pas \u00eatre \u00ab\u00a0vieilles\u00a0\u00bb. Le corps accumule les ann\u00e9es mais l&rsquo;esprit peut conserver une \u00e9tonnante impression de jeunesse. Une r\u00e9alit\u00e9 si d\u00e9routante qu&rsquo;elle la d\u00e9crit comme un \u00ab\u00a0secret\u00a0\u00bb que les jeunes ignorent sur leurs a\u00een\u00e9s.<\/p>\n<p class=\"text-base text-gray-800 leading-relaxed mb-4\">Ce ph\u00e9nom\u00e8ne cr\u00e9e des situations paradoxales. Une personne peut parfaitement savoir qu&rsquo;elle a 70\u00a0ou 80\u00a0ans tout en ne se reconnaissant pas dans l&rsquo;image mentale qu&rsquo;elle s&rsquo;\u00e9tait autrefois construite d&rsquo;une personne de cet \u00e2ge. L&rsquo;\u00e2ge est bien l\u00e0 sur le papier. Il est visible dans le miroir. Mais int\u00e9rieurement, le changement para\u00eet beaucoup moins spectaculaire.\u00a0C&rsquo;est ce qui rend certains rappels du quotidien si saisissants. Une photo prise sous un angle inhabituel, son reflet aper\u00e7u dans une vitrine ou un corps qui refuse soudain un mouvement autrefois banal peuvent provoquer un petit choc. Ce n&rsquo;est pas que l&rsquo;on ait oubli\u00e9 son \u00e2ge. C&rsquo;est simplement que l&rsquo;image ext\u00e9rieure ne correspond pas \u00e0 la personne que l&rsquo;on a l&rsquo;impression d&rsquo;\u00eatre.<\/p>\n<p class=\"text-base text-gray-800 leading-relaxed mb-4\">\u00ab\u00a0J&rsquo;avais une soixantaine d&rsquo;ann\u00e9es et j&rsquo;attendais mon tour pour me faire vacciner contre la grippe au travail. Arriv\u00e9e au guichet, la personne charg\u00e9e de l&rsquo;accueil m&rsquo;a demand\u00e9 mon \u00e2ge et j&rsquo;ai r\u00e9pondu 58\u00a0ans. Puis je me suis reprise et j&rsquo;ai dit\u00a0: \u00ab\u00a0Oh non, c&rsquo;est faux.\u00a0\u00bb C&rsquo;\u00e9tait loin d&rsquo;\u00eatre le cas puisque j&rsquo;avais en r\u00e9alit\u00e9 65\u00a0ans.\u00a0\u00bb\u00a0Ce d\u00e9calage permet aussi de comprendre pourquoi les plus jeunes ont une vision trompeuse de leurs a\u00een\u00e9s. \u00c0 25\u00a0ans, une personne de 75\u00a0ans semble appartenir \u00e0 un univers totalement diff\u00e9rent. Pourtant, derri\u00e8re ce visage marqu\u00e9 par cinq d\u00e9cennies suppl\u00e9mentaires, la personnalit\u00e9 est toujours la m\u00eame. Les go\u00fbts, l&rsquo;humour, les envies, la curiosit\u00e9 peuvent rester \u00e9tonnamment familiers.<\/p>\n<p class=\"text-base text-gray-800 leading-relaxed mb-4\">Vieillir ne signifie donc pas n\u00e9cessairement sentir son identit\u00e9 prendre un coup de vieux au m\u00eame rythme que son corps. Les capacit\u00e9s physiques \u00e9voluent et les limites deviennent parfois plus nombreuses. Mais \u00e0 l&rsquo;int\u00e9rieur, le changement peut \u00eatre beaucoup moins net. C&rsquo;est peut-\u00eatre l&rsquo;une des grandes surprises de l&rsquo;\u00e2ge\u00a0: regarder un visage qui porte les traces des d\u00e9cennies et continuer, derri\u00e8re lui, \u00e0 reconna\u00eetre la m\u00eame personne.<\/p>\n","protected":false},"excerpt":{"rendered":"Il existe un d\u00e9calage beaucoup plus troublant, presque invisible pour les autres, et que les jeunes g\u00e9n\u00e9rations ont&hellip;\n","protected":false},"author":2,"featured_media":1164982,"comment_status":"","ping_status":"","sticky":false,"template":"","format":"standard","meta":{"footnotes":"","_share_on_mastodon":"0"},"categories":[10],"tags":[1011,27,72,71],"class_list":["post-1164981","post","type-post","status-publish","format-standard","has-post-thumbnail","category-sante","tag-fr","tag-france","tag-health","tag-sante"],"share_on_mastodon":{"url":"https:\/\/pubeurope.com\/@fr\/117207196765812654","error":""},"_links":{"self":[{"href":"https:\/\/www.europesays.com\/fr\/wp-json\/wp\/v2\/posts\/1164981","targetHints":{"allow":["GET"]}}],"collection":[{"href":"https:\/\/www.europesays.com\/fr\/wp-json\/wp\/v2\/posts"}],"about":[{"href":"https:\/\/www.europesays.com\/fr\/wp-json\/wp\/v2\/types\/post"}],"author":[{"embeddable":true,"href":"https:\/\/www.europesays.com\/fr\/wp-json\/wp\/v2\/users\/2"}],"replies":[{"embeddable":true,"href":"https:\/\/www.europesays.com\/fr\/wp-json\/wp\/v2\/comments?post=1164981"}],"version-history":[{"count":0,"href":"https:\/\/www.europesays.com\/fr\/wp-json\/wp\/v2\/posts\/1164981\/revisions"}],"wp:featuredmedia":[{"embeddable":true,"href":"https:\/\/www.europesays.com\/fr\/wp-json\/wp\/v2\/media\/1164982"}],"wp:attachment":[{"href":"https:\/\/www.europesays.com\/fr\/wp-json\/wp\/v2\/media?parent=1164981"}],"wp:term":[{"taxonomy":"category","embeddable":true,"href":"https:\/\/www.europesays.com\/fr\/wp-json\/wp\/v2\/categories?post=1164981"},{"taxonomy":"post_tag","embeddable":true,"href":"https:\/\/www.europesays.com\/fr\/wp-json\/wp\/v2\/tags?post=1164981"}],"curies":[{"name":"wp","href":"https:\/\/api.w.org\/{rel}","templated":true}]}}