{"id":1164991,"date":"2026-09-03T12:55:20","date_gmt":"2026-09-03T12:55:20","guid":{"rendered":"https:\/\/www.europesays.com\/fr\/1164991\/"},"modified":"2026-09-03T12:55:20","modified_gmt":"2026-09-03T12:55:20","slug":"en-direct-guerre-en-ukraine-poutine-refute-tout-scenario-de-mobilisation-en-russie-a-ce-jour","status":"publish","type":"post","link":"https:\/\/www.europesays.com\/fr\/1164991\/","title":{"rendered":"EN DIRECT &#8211; Guerre en Ukraine : Poutine r\u00e9fute tout \u00ab\u00a0sc\u00e9nario\u00a0\u00bb de mobilisation en Russie \u00e0 ce jour"},"content":{"rendered":"<p>Le pr\u00e9sident Volodymyr Zelensky a d\u00e9clar\u00e9 mercredi que les premi\u00e8res compagnies a\u00e9riennes avaient commenc\u00e9 \u00e0 suspendre leurs vols vers les a\u00e9roports russes apr\u00e8s que Kiev a mis en garde contre les risques croissants li\u00e9s aux op\u00e9rations de drones ukrainiens dans l&rsquo;espace a\u00e9rien russe. \u00ab\u00a0Nous apprenons que les premi\u00e8res compagnies a\u00e9riennes ont commenc\u00e9 \u00e0 suspendre leurs vols vers les a\u00e9roports russes\u00a0\u00bb, a d\u00e9clar\u00e9 Zelensky <a href=\"https:\/\/www.president.gov.ua\/en\/news\/uryad-nashoyi-derzhavi-bude-pracyuvati-nad-neobhidnimi-zaraz-106225\" rel=\"nofollow noopener\" target=\"_blank\">dans son allocution du soir<\/a>, qualifiant cette mesure de \u00ab\u00a0r\u00e9ponse logique\u00a0\u00bb aux risques engendr\u00e9s par la guerre.\u00a0<\/p>\n<p>Cet avertissement intervient alors que les a\u00e9roports de Moscou sont confront\u00e9s \u00e0 des perturbations g\u00e9n\u00e9ralis\u00e9es et que plusieurs compagnies a\u00e9riennes \u00e9trang\u00e8res annulent leurs vols. Les donn\u00e9es de suivi des vols cit\u00e9es par Reuters ont montr\u00e9 21 annulations et 235 retards \u00e0 l&rsquo;a\u00e9roport international Sheremetyevo mercredi, tandis que Vnukovo a enregistr\u00e9 22 annulations et 94 retards. L&rsquo;agence de presse russe ind\u00e9pendante Agentstvo, citant son analyse des horaires de l&rsquo;a\u00e9roport de Moscou, a indiqu\u00e9 que les compagnies a\u00e9riennes \u00e9trang\u00e8res avaient annul\u00e9 27 vols \u00e0 destination et en provenance de la capitale russe mercredi \u2013 soit nettement plus que la veille. Les annulations concernaient notamment les vols des compagnies turques Pegasus Airlines et Turkish Airlines, de flydubai (\u00c9mirats arabes unis), de Nesma Airlines (\u00c9gypte), de Shirak Avia (Arm\u00e9nie), de Kuwait Airways et de Somon Air (Tadjikistan). Pegasus a indiqu\u00e9 que certains vols \u00e0 destination de la Russie \u00e9taient annul\u00e9s pour des raisons \u00ab\u00a0techniques et op\u00e9rationnelles\u00a0\u00bb, tandis que flydubai a mis en garde contre d&rsquo;\u00e9ventuels retards et d\u00e9viations.<\/p>\n","protected":false},"excerpt":{"rendered":"Le pr\u00e9sident Volodymyr Zelensky a d\u00e9clar\u00e9 mercredi que les premi\u00e8res compagnies a\u00e9riennes avaient commenc\u00e9 \u00e0 suspendre leurs vols&hellip;\n","protected":false},"author":2,"featured_media":439236,"comment_status":"","ping_status":"","sticky":false,"template":"","format":"standard","meta":{"footnotes":"","_share_on_mastodon":"0"},"categories":[5],"tags":[1111,11,1921,5925,1073,1011,27,1922,14,12,2543,132,220,101034,133,1920,134,28],"class_list":["post-1164991","post","type-post","status-publish","format-standard","has-post-thumbnail","category-international","tag-actu","tag-actualites","tag-article-video","tag-conflits-et-guerre","tag-emmanuel-macron","tag-fr","tag-france","tag-info","tag-international","tag-news","tag-relations-internationales","tag-russie","tag-ukraine","tag-ukraine-une-5-annee-de-guerre-et-pas-de-paix-en-vue","tag-video","tag-video-international","tag-volodymyr-zelensky","tag-world"],"share_on_mastodon":{"url":"https:\/\/pubeurope.com\/@fr\/117207218728617648","error":""},"_links":{"self":[{"href":"https:\/\/www.europesays.com\/fr\/wp-json\/wp\/v2\/posts\/1164991","targetHints":{"allow":["GET"]}}],"collection":[{"href":"https:\/\/www.europesays.com\/fr\/wp-json\/wp\/v2\/posts"}],"about":[{"href":"https:\/\/www.europesays.com\/fr\/wp-json\/wp\/v2\/types\/post"}],"author":[{"embeddable":true,"href":"https:\/\/www.europesays.com\/fr\/wp-json\/wp\/v2\/users\/2"}],"replies":[{"embeddable":true,"href":"https:\/\/www.europesays.com\/fr\/wp-json\/wp\/v2\/comments?post=1164991"}],"version-history":[{"count":0,"href":"https:\/\/www.europesays.com\/fr\/wp-json\/wp\/v2\/posts\/1164991\/revisions"}],"wp:featuredmedia":[{"embeddable":true,"href":"https:\/\/www.europesays.com\/fr\/wp-json\/wp\/v2\/media\/439236"}],"wp:attachment":[{"href":"https:\/\/www.europesays.com\/fr\/wp-json\/wp\/v2\/media?parent=1164991"}],"wp:term":[{"taxonomy":"category","embeddable":true,"href":"https:\/\/www.europesays.com\/fr\/wp-json\/wp\/v2\/categories?post=1164991"},{"taxonomy":"post_tag","embeddable":true,"href":"https:\/\/www.europesays.com\/fr\/wp-json\/wp\/v2\/tags?post=1164991"}],"curies":[{"name":"wp","href":"https:\/\/api.w.org\/{rel}","templated":true}]}}