{"id":1164994,"date":"2026-09-03T12:57:56","date_gmt":"2026-09-03T12:57:56","guid":{"rendered":"https:\/\/www.europesays.com\/fr\/1164994\/"},"modified":"2026-09-03T12:57:56","modified_gmt":"2026-09-03T12:57:56","slug":"moselle-une-petite-fille-meurt-ecrasee-par-la-voiture-que-manoeuvrait-son-pere","status":"publish","type":"post","link":"https:\/\/www.europesays.com\/fr\/1164994\/","title":{"rendered":"Moselle\u00a0: Une petite fille meurt \u00e9cras\u00e9e par la voiture que man\u0153uvrait son p\u00e8re"},"content":{"rendered":"<p>Un <a href=\"https:\/\/www.20minutes.fr\/monde\/4242302-20260902-belgique-sous-choc-apres-mort-trois-urs-accident-route\" target=\"_blank\" class=\"c-link c-link--is-underlined\" rel=\"nofollow noopener\">drame<\/a> s\u2019est produit mercredi dans un camping de <a href=\"https:\/\/www.20minutes.fr\/dossier\/moselle\" class=\"c-link c-link--is-underlined\" rel=\"nofollow noopener\" target=\"_blank\">Moselle<\/a>, \u00e0 Grostenquin, \u00e0 une cinquantaine de kilom\u00e8tres de <a href=\"https:\/\/www.20minutes.fr\/dossier\/metz\" class=\"c-link c-link--is-underlined\" rel=\"nofollow noopener\" target=\"_blank\">Metz<\/a>. Un p\u00e8re de famille, d\u2019origine allemande, qui man\u0153uvrait sa voiture, a tu\u00e9 <a href=\"https:\/\/www.20minutes.fr\/monde\/4234748-20260716-algerie-moins-11-morts-incendie-orphelinat\" target=\"_blank\" class=\"c-link c-link--is-underlined\" rel=\"nofollow noopener\">accidentellement sa fille \u00e2g\u00e9e de un an et demi<\/a>, a-t-on appris jeudi aupr\u00e8s du procureur de Sarreguemines, Olivier Glady.<\/p>\n<p>L\u2019homme, \u00e2g\u00e9 de 45 ans, r\u00e9sidant \u00e0 Stuttgart, \u00ab\u00a0avait entrepris une man\u0153uvre de d\u00e9placement du v\u00e9hicule familial (un <a href=\"https:\/\/www.20minutes.fr\/dossier\/suv\" class=\"c-link c-link--is-underlined\" rel=\"nofollow noopener\" target=\"_blank\">SUV<\/a>)\u00a0\u00bb, indique le magistrat dans un communiqu\u00e9.<\/p>\n<p>Plusieurs enfants sous surveillance<\/p>\n<p>\u00ab\u00a0L\u2019enfant avait d\u2019abord \u00e9t\u00e9 tenu \u00e0 l\u2019\u00e9cart (avec ses fr\u00e8res \u00e2g\u00e9s de 7 ans et des jumeaux de 4 ans) de la voiture, indique-t-il, mais la petite bande <a href=\"https:\/\/www.20minutes.fr\/dossier\/securite-routiere\" class=\"c-link c-link--is-underlined\" rel=\"nofollow noopener\" target=\"_blank\">s\u2019est finalement inopin\u00e9ment rapproch\u00e9e<\/a> et la collision s\u2019est produite dans des circonstances fortuites\u00a0\u00bb. Les d\u00e9pistages r\u00e9alis\u00e9s sur le conducteur se sont r\u00e9v\u00e9l\u00e9s n\u00e9gatifs, indique le procureur.<\/p>\n","protected":false},"excerpt":{"rendered":"Un drame s\u2019est produit mercredi dans un camping de Moselle, \u00e0 Grostenquin, \u00e0 une cinquantaine de kilom\u00e8tres de&hellip;\n","protected":false},"author":2,"featured_media":1164995,"comment_status":"","ping_status":"","sticky":false,"template":"","format":"standard","meta":{"footnotes":"","_share_on_mastodon":"0"},"categories":[2],"tags":[119,47,11,3348,847,118,652,1011,27,775,776,6212,5599,12,2355,2659,4752],"class_list":["post-1164994","post","type-post","status-publish","format-standard","has-post-thumbnail","category-actualites","tag-accident","tag-actualite","tag-actualites","tag-drame","tag-enfant","tag-faits-divers","tag-famille","tag-fr","tag-france","tag-grand-est","tag-lorraine","tag-metz","tag-moselle","tag-news","tag-protection-de-lenfance","tag-suv","tag-voiture"],"share_on_mastodon":{"url":"https:\/\/pubeurope.com\/@fr\/117207230258569785","error":""},"_links":{"self":[{"href":"https:\/\/www.europesays.com\/fr\/wp-json\/wp\/v2\/posts\/1164994","targetHints":{"allow":["GET"]}}],"collection":[{"href":"https:\/\/www.europesays.com\/fr\/wp-json\/wp\/v2\/posts"}],"about":[{"href":"https:\/\/www.europesays.com\/fr\/wp-json\/wp\/v2\/types\/post"}],"author":[{"embeddable":true,"href":"https:\/\/www.europesays.com\/fr\/wp-json\/wp\/v2\/users\/2"}],"replies":[{"embeddable":true,"href":"https:\/\/www.europesays.com\/fr\/wp-json\/wp\/v2\/comments?post=1164994"}],"version-history":[{"count":0,"href":"https:\/\/www.europesays.com\/fr\/wp-json\/wp\/v2\/posts\/1164994\/revisions"}],"wp:featuredmedia":[{"embeddable":true,"href":"https:\/\/www.europesays.com\/fr\/wp-json\/wp\/v2\/media\/1164995"}],"wp:attachment":[{"href":"https:\/\/www.europesays.com\/fr\/wp-json\/wp\/v2\/media?parent=1164994"}],"wp:term":[{"taxonomy":"category","embeddable":true,"href":"https:\/\/www.europesays.com\/fr\/wp-json\/wp\/v2\/categories?post=1164994"},{"taxonomy":"post_tag","embeddable":true,"href":"https:\/\/www.europesays.com\/fr\/wp-json\/wp\/v2\/tags?post=1164994"}],"curies":[{"name":"wp","href":"https:\/\/api.w.org\/{rel}","templated":true}]}}