{"id":1164998,"date":"2026-09-03T13:00:17","date_gmt":"2026-09-03T13:00:17","guid":{"rendered":"https:\/\/www.europesays.com\/fr\/1164998\/"},"modified":"2026-09-03T13:00:17","modified_gmt":"2026-09-03T13:00:17","slug":"mercato-stade-brestois-le-pret-de-djylian-nguessan-officialise","status":"publish","type":"post","link":"https:\/\/www.europesays.com\/fr\/1164998\/","title":{"rendered":"Mercato Stade Brestois\u00a0: le pr\u00eat de Djylian N\u2019Guessan officialis\u00e9"},"content":{"rendered":"<p>Un des feuilletons du mercato du Stade Brestois vient de se terminer. Un jour et demi apr\u00e8s la fermeture officielle du march\u00e9, le club finist\u00e9rien vient d\u2019officialiser l\u2019arriv\u00e9e en pr\u00eat du jeune attaquant fran\u00e7ais Djylian N\u2019Guessan (18 ans).<\/p>\n<p>L\u2019accord scellant son pr\u00eat par Saint-\u00c9tienne (Ligue 2) a \u00e9t\u00e9 sign\u00e9 avant la fermeture du march\u00e9 fran\u00e7ais, mardi. Mais l\u2019officialisation du transfert a un peu tard\u00e9. Ce retard pourrait s\u2019expliquer par la pr\u00e9sence dans ce dossier du g\u00e9ant Liverpool, club que le jeune attaquant devrait par la suite rejoindre.<\/p>\n<blockquote class=\"twitter-tweet\">\n<p lang=\"fr\" dir=\"ltr\">\ud835\udc03\ud835\udc23\ud835\udc32\ud835\udc25\ud835\udc22\ud835\udc1a\ud835\udc27\ud835\udc0d\u2019\ud835\udc06\ud835\udc2e\ud835\udc1e\ud835\udc2c\ud835\udc2c\ud835\udc1a\ud835\udc27\ud835\udc2b\ud835\udc1e\ud835\udc23\ud835\udc28\ud835\udc22\ud835\udc27\ud835\udc2d\ud835\udc25\ud835\udc1e\ud835\udc2c\ud835\udc13\ud835\udc32-\ud835\udc19\ud835\udc1e\ud835\udc1f\ud835\udc2c ! \ud83d\udee1\ufe0f<\/p>\n<p>Le Stade Brestois 29 est heureux d\u2019annoncer l\u2019arriv\u00e9e de Djylian N\u2019Guessan, pr\u00eat\u00e9 par l\u2019AS Saint-\u00c9tienne.<\/p>\n<p>\ud83d\udc49 En savoir plus : <a href=\"https:\/\/t.co\/e1wWv9JaYH\" rel=\"nofollow\">https:\/\/t.co\/e1wWv9JaYH<\/a><\/p>\n<p>\ud83e\udd1d Aquila RH Brest &#8211; Le Faou | \ud835\udc0f\ud835\udc1a\ud835\udc2b\ud835\udc2d\ud835\udc1e\ud835\udc27\ud835\udc1a\ud835\udc22\ud835\udc2b\ud835\udc1e\u2026 <a href=\"https:\/\/t.co\/oAbZ6PBbao\" rel=\"nofollow\">pic.twitter.com\/oAbZ6PBbao<\/a><\/p>\n<p>\u2014 Stade Brestois 29 (@SB29) <a href=\"https:\/\/x.com\/SB29\/status\/2095460749959102832?ref_src=twsrc%5Etfw\" rel=\"nofollow\">September 3, 2026<\/a><\/p><\/blockquote>\n<p>Habitu\u00e9 des \u00e9quipes de France jeunes<\/p>\n<p>En tout cas, Djylian N\u2019Guessan est bien \u00e0 Brest. L\u2019attaquant a \u00e9t\u00e9 aper\u00e7u au centre d\u2019entra\u00eenement de Kerlaurent, ce jeudi matin. Mais il n\u2019a pas particip\u00e9 \u00e0 la s\u00e9ance collective avec ses co\u00e9quipiers.<\/p>\n<p>Pr\u00e9sent\u00e9 par le Stade Brestois comme un \u00ab attaquant puissant, mobile et technique, capable d\u2019\u00e9voluer dans l\u2019axe comme sur les c\u00f4t\u00e9s \u00bb, cet habitu\u00e9 des \u00e9quipes de France jeunes (U20, U17, U16) a principalement jou\u00e9 avec la r\u00e9serve, la saison derni\u00e8re, \u00e0 Saint-\u00c9tienne.<\/p>\n<p><script async src=\"https:\/\/platform.twitter.com\/widgets.js\" charset=\"utf-8\"><\/script><\/p>\n","protected":false},"excerpt":{"rendered":"Un des feuilletons du mercato du Stade Brestois vient de se terminer. Un jour et demi apr\u00e8s la&hellip;\n","protected":false},"author":2,"featured_media":1164999,"comment_status":"","ping_status":"","sticky":false,"template":"","format":"standard","meta":{"footnotes":"","_share_on_mastodon":"0"},"categories":[9653],"tags":[1111,11,2430,3450,3166,1777,674,63,1011,27,66,30393,33136,12,25,4001,60,4449],"class_list":["post-1164998","post","type-post","status-publish","format-standard","has-post-thumbnail","category-saint-etienne","tag-actu","tag-actualites","tag-auvergne-rhone-alpes","tag-brest","tag-en-continu-sports","tag-eu","tag-europe","tag-football","tag-fr","tag-france","tag-ligue-1","tag-mercato-pro","tag-mercato-stade-brestois","tag-news","tag-republique-francaise","tag-saint-etienne","tag-sports","tag-stade-brestois"],"share_on_mastodon":{"url":"https:\/\/pubeurope.com\/@fr\/117207238483963774","error":""},"_links":{"self":[{"href":"https:\/\/www.europesays.com\/fr\/wp-json\/wp\/v2\/posts\/1164998","targetHints":{"allow":["GET"]}}],"collection":[{"href":"https:\/\/www.europesays.com\/fr\/wp-json\/wp\/v2\/posts"}],"about":[{"href":"https:\/\/www.europesays.com\/fr\/wp-json\/wp\/v2\/types\/post"}],"author":[{"embeddable":true,"href":"https:\/\/www.europesays.com\/fr\/wp-json\/wp\/v2\/users\/2"}],"replies":[{"embeddable":true,"href":"https:\/\/www.europesays.com\/fr\/wp-json\/wp\/v2\/comments?post=1164998"}],"version-history":[{"count":0,"href":"https:\/\/www.europesays.com\/fr\/wp-json\/wp\/v2\/posts\/1164998\/revisions"}],"wp:featuredmedia":[{"embeddable":true,"href":"https:\/\/www.europesays.com\/fr\/wp-json\/wp\/v2\/media\/1164999"}],"wp:attachment":[{"href":"https:\/\/www.europesays.com\/fr\/wp-json\/wp\/v2\/media?parent=1164998"}],"wp:term":[{"taxonomy":"category","embeddable":true,"href":"https:\/\/www.europesays.com\/fr\/wp-json\/wp\/v2\/categories?post=1164998"},{"taxonomy":"post_tag","embeddable":true,"href":"https:\/\/www.europesays.com\/fr\/wp-json\/wp\/v2\/tags?post=1164998"}],"curies":[{"name":"wp","href":"https:\/\/api.w.org\/{rel}","templated":true}]}}