{"id":1165026,"date":"2026-09-03T13:27:15","date_gmt":"2026-09-03T13:27:15","guid":{"rendered":"https:\/\/www.europesays.com\/fr\/1165026\/"},"modified":"2026-09-03T13:27:15","modified_gmt":"2026-09-03T13:27:15","slug":"des-habitants-evacues-par-les-pompiers-que-se-passe-t-il-dans-le-centre-ville-de-toulouse","status":"publish","type":"post","link":"https:\/\/www.europesays.com\/fr\/1165026\/","title":{"rendered":"Des habitants \u00e9vacu\u00e9s par les pompiers : que se passe-t-il dans le centre-ville de Toulouse\u00a0?"},"content":{"rendered":"<p>                    Par<br \/>\n        <strong><br \/>\n            <a href=\"https:\/\/actu.fr\/auteur\/marie-lamarque\" title=\"Consulter tous les articles de Marie Lamarque\" rel=\"nofollow noopener\" target=\"_blank\">Marie Lamarque<\/a><br \/>\n                    <\/strong><\/p>\n<p>        Publi\u00e9 le<\/p>\n<p>            3 sept. 2026 \u00e0 10h55<br \/>\n        ; mis \u00e0 jour le 3 sept. 2026 \u00e0 12h01    <\/p>\n<p>[MISE A JOUR \u00e0 12h : Le SDIS 31 indique que la fuite de gaz a \u00e9t\u00e9 identifi\u00e9e et barr\u00e9e par GRDF. Les occupants des immeubles ont pu r\u00e9int\u00e9grer leur logement.]<\/p>\n<p class=\" wall-content\">La sc\u00e8ne a pu interroger les passants dans le centre-ville de <a href=\"https:\/\/actu.fr\/toulouse\/\" rel=\"nofollow noopener\" target=\"_blank\">Toulouse<\/a>. Les pompiers sont en intervention, rue Gabriel-P\u00e9ri, pr\u00e8s de Jean-Jaur\u00e8s, depuis environ 9h30 ce matin du jeudi 3 septembre 2026. Que se passe-t-il ?<\/p>\n<p>Une fuite de gaz en cause<\/p>\n<p class=\" wall-content\">Le Service d\u00e9partemental d\u2019incendie et de secours (SDIS) de la Haute-Garonne indique qu\u2019une <strong>fuite de gaz<\/strong> est survenue au niveau d\u2019un immeuble situ\u00e9 en face de la place de Damloup.<\/p>\n<p class=\" wall-content\">Par mesure de s\u00e9curit\u00e9, <strong>des habitants ont \u00e9t\u00e9 \u00e9vacu\u00e9s<\/strong>. Des relev\u00e9s sont effectu\u00e9s sur place afin de d\u00e9tecter le gaz pr\u00e9sent dans l\u2019air et d\u2019\u00e9viter tout risque d\u2019explosion. Des \u00e9quipes de GRDF sont venues en soutien des pompiers.<\/p>\n<p>    <a href=\"https:\/\/www.google.com\/maps\/embed?pb=!1m18!1m12!1m3!1d471.16019198638253!2d1.452065538150363!3d43.605913650670985!2m3!1f0!2f0!3f0!3m2!1i1024!2i768!4f13.1!3m3!1m2!1s0x12aebc99da378689%3A0x42cdab57e20cf026!2s19%20Rue%20Gabriel%20P%C3%A9ri%2C%2031000%20Toulouse!5e1!3m2!1sfr!2sfr!4v1788425301730!5m2!1sfr!2sfr\" title=\"Ouvrie le lien\" rel=\"nofollow noopener\" target=\"_blank\">Cliquez ici pour visualiser le contenu<\/a><\/p>\n<p class=\" wall-content\">Personnalisez votre actualit\u00e9 en ajoutant vos villes et m\u00e9dias en favori avec <a href=\"https:\/\/moncompte.actu.fr\" title=\"D\u00e9couvez Mon Actu\" rel=\"nofollow noopener\" data-trk=\"{&quot;cta&quot;:{&quot;action&quot;:&quot;https:\\\/\\\/moncompte.actu.fr&quot;,&quot;category&quot;:&quot;mon compte&quot;,&quot;from&quot;:&quot;article footer&quot;,&quot;name&quot;:&quot;Mon actu&quot;,&quot;type&quot;:&quot;cta&quot;}}\" target=\"_blank\">Mon Actu<\/a>.<\/p>\n","protected":false},"excerpt":{"rendered":"Par Marie Lamarque Publi\u00e9 le 3 sept. 2026 \u00e0 10h55 ; mis \u00e0 jour le 3 sept. 2026&hellip;\n","protected":false},"author":2,"featured_media":1165027,"comment_status":"","ping_status":"","sticky":false,"template":"","format":"standard","meta":{"footnotes":"","_share_on_mastodon":"0"},"categories":[2816],"tags":[1111,11,1777,674,118,1011,27,12,2680,1311,25,2312],"class_list":["post-1165026","post","type-post","status-publish","format-standard","has-post-thumbnail","category-toulouse","tag-actu","tag-actualites","tag-eu","tag-europe","tag-faits-divers","tag-fr","tag-france","tag-news","tag-occitanie","tag-pompiers","tag-republique-francaise","tag-toulouse"],"share_on_mastodon":{"url":"https:\/\/pubeurope.com\/@fr\/117207344616278473","error":""},"_links":{"self":[{"href":"https:\/\/www.europesays.com\/fr\/wp-json\/wp\/v2\/posts\/1165026","targetHints":{"allow":["GET"]}}],"collection":[{"href":"https:\/\/www.europesays.com\/fr\/wp-json\/wp\/v2\/posts"}],"about":[{"href":"https:\/\/www.europesays.com\/fr\/wp-json\/wp\/v2\/types\/post"}],"author":[{"embeddable":true,"href":"https:\/\/www.europesays.com\/fr\/wp-json\/wp\/v2\/users\/2"}],"replies":[{"embeddable":true,"href":"https:\/\/www.europesays.com\/fr\/wp-json\/wp\/v2\/comments?post=1165026"}],"version-history":[{"count":0,"href":"https:\/\/www.europesays.com\/fr\/wp-json\/wp\/v2\/posts\/1165026\/revisions"}],"wp:featuredmedia":[{"embeddable":true,"href":"https:\/\/www.europesays.com\/fr\/wp-json\/wp\/v2\/media\/1165027"}],"wp:attachment":[{"href":"https:\/\/www.europesays.com\/fr\/wp-json\/wp\/v2\/media?parent=1165026"}],"wp:term":[{"taxonomy":"category","embeddable":true,"href":"https:\/\/www.europesays.com\/fr\/wp-json\/wp\/v2\/categories?post=1165026"},{"taxonomy":"post_tag","embeddable":true,"href":"https:\/\/www.europesays.com\/fr\/wp-json\/wp\/v2\/tags?post=1165026"}],"curies":[{"name":"wp","href":"https:\/\/api.w.org\/{rel}","templated":true}]}}