{"id":1165032,"date":"2026-09-03T13:31:29","date_gmt":"2026-09-03T13:31:29","guid":{"rendered":"https:\/\/www.europesays.com\/fr\/1165032\/"},"modified":"2026-09-03T13:31:29","modified_gmt":"2026-09-03T13:31:29","slug":"ce-magasin-de-marseille-accuse-de-vendre-un-produit-dune-cruaute-extreme-le-gerant-repond","status":"publish","type":"post","link":"https:\/\/www.europesays.com\/fr\/1165032\/","title":{"rendered":"Ce magasin de Marseille accus\u00e9 de vendre un produit d&rsquo;une \u00ab\u00a0cruaut\u00e9 extr\u00eame\u00a0\u00bb, le g\u00e9rant r\u00e9pond"},"content":{"rendered":"<p>                    Par<br \/>\n        <strong><br \/>\n            <a href=\"https:\/\/actu.fr\/auteur\/fabien-binacchi\" title=\"Consulter tous les articles de Fabien Binacchi\" rel=\"nofollow noopener\" target=\"_blank\">Fabien Binacchi<\/a><br \/>\n                    <\/strong><\/p>\n<p>        Publi\u00e9 le<\/p>\n<p>            3 sept. 2026 \u00e0 14h51        <\/p>\n<p>\u00ab\u2009Non aux pi\u00e8ges \u00e0 colle chez Droguy Store\u2009\u00bb\u2009: la p\u00e9tition qui met la pression sur ce magasin de <a href=\"https:\/\/actu.fr\/marseille\/\" rel=\"nofollow noopener\" target=\"_blank\">Marseille<\/a> a d\u00e9j\u00e0 r\u00e9colt\u00e9 <strong>plus de 11.000 signatures.<\/strong> \u00c0 la man\u0153uvre, l\u2019association Paz a \u00e9t\u00e9 alert\u00e9e par une cliente de cette enseigne de la <a href=\"https:\/\/actu.fr\/tag\/canebiere\" rel=\"nofollow noopener\" target=\"_blank\">Canebi\u00e8re<\/a>, \u00ab\u2009choqu\u00e9e\u2009\u00bb de d\u00e9couvrir que ce produit destin\u00e9 \u00e0 \u00e9radiquer les rats avait \u00e9t\u00e9 mis en rayon.<\/p>\n<p class=\" wall-content\">La m\u00e9thode est jug\u00e9e d\u2019une \u00ab\u2009cruaut\u00e9 extr\u00eame\u2009\u00bb, sans compter <strong>le risque de tuer d\u2019autres animaux par accident.<\/strong> Contact\u00e9 par actu Marseille, le g\u00e9rant du commerce r\u00e9pond.<\/p>\n<p>\u00ab\u2009Ils meurent de faim, de soif, de suffocation ou d\u2019\u00e9puisement\u2009\u00bb<\/p>\n<p class=\" wall-content\">Droguy Store promet des bonnes affaires pour la maison, l\u2019alimentation et l\u2019hygi\u00e8ne \u00e0 des \u00ab\u2009prix imbattables\u2009\u00bb. Il y en a pour tous les go\u00fbts et pour tous les usages. Y compris pour \u00e9liminer les nuisibles. Sauf que ces \u00ab\u2009plaquettes de colle \u00e0 souris\u2009\u00bb vendues dans leur emballage vert ont d\u00e9clench\u00e9 l\u2019ire de l\u2019association Paz (Projet Animaux Zoopolis).<\/p>\n<p class=\" wall-content\">Pour elle, il faut que ces produits disparaissent et pour de bon. Elle n\u2019en est d\u2019ailleurs pas \u00e0 son coup d\u2019essai. \u00ab\u2009Des dizaines de p\u00e9titions sont actuellement en cours visant des magasins, toutes enseignes confondues, principalement <strong>des E.Leclerc et des GiFi,<\/strong> pour demander la fin des pi\u00e8ges \u00e0 colle\u2009\u00bb, expliquent ses responsables.<\/p>\n<p class=\" wall-content\">Amandine Sanvisens, la cofondatrice est vent debout\u2009:<\/p>\n<blockquote class=\"ac-article-quote wall-content\">\n<p>Les pi\u00e8ges \u00e0 colle sont d\u2019une cruaut\u00e9 extr\u00eame pour les animaux pi\u00e9g\u00e9s qui meurent de faim, de soif, de suffocation ou d\u2019\u00e9puisement dans leurs propres excr\u00e9ments apr\u00e8s de longues heures d\u2019agonie. Nous demandons au Gouvernement fran\u00e7ais d\u2019interdire ces produits comme l\u2019ont fait l\u2019Irlande, l\u2019\u00c9cosse, la Nouvelle-Z\u00e9lande et plusieurs \u00c9tats indiens.<\/p>\n<p>    <strong\/>\n            <\/p><\/blockquote>\n<p class=\" wall-content\">D\u2019autant plus que \u00ab\u2009de nombreux autres animaux sont captur\u00e9s accidentellement\u2009\u00bb, assure le texte de la p\u00e9tition, photo \u00e0 l\u2019appui. Des esp\u00e8ces, parfois prot\u00e9g\u00e9es, comme les h\u00e9rissons et les rouges-gorges, se retrouveraient \u00e9galement <strong>pi\u00e9g\u00e9es avant d\u2019agoniser.<\/strong><\/p>\n<p class=\" wall-content\">\n<p>\u00ab\u2009C\u2019\u00e9tait une demande des clients face \u00e0 un vrai probl\u00e8me\u2009\u00bb<\/p>\n<p class=\" wall-content\">En attendant une r\u00e9glementation, l\u2019association et ses soutiens continuent donc \u00e0 faire le forcing aupr\u00e8s de chaque point de vente. \u00c0 Marseille, le message a en tout cas \u00e9t\u00e9 bien entendu. Le g\u00e9rant du Droguy Store assure qu\u2019<strong>il va arr\u00eater de commercialiser le produit<\/strong> m\u00eame \u00ab\u2009c\u2019\u00e9tait une demande des clients face \u00e0 un vrai probl\u00e8me\u2009\u00bb.<\/p>\n<blockquote class=\"ac-article-quote wall-content\">\n<p>Nous l\u2019avons mis en rayon il y a environ 3 mois, au rythme d&rsquo;une soixantaine par mois. Des gens sont v\u00e9ritablement infest\u00e9s et cherchent des solutions.<\/p>\n<p>    <strong>Zakary Bouayad<\/strong>\n            <\/p><\/blockquote>\n<p class=\" wall-content\"><strong>Les rats sont l\u00e9gion dans la cit\u00e9 phoc\u00e9enne et surtout dans son centre-ville.<\/strong> R\u00e9guli\u00e8rement, des copropri\u00e9t\u00e9s appellent \u00e0 l\u2019aide pour s\u2019en d\u00e9barrasser. \u00ab\u2009Mais, \u00e9videmment, je comprends que ce produit n\u2019est pas la meilleure option. Je comprends tout \u00e0 fait les personnes qui ont sign\u00e9 la p\u00e9tition. Et je suis m\u00eame pr\u00eat \u00e0 rencontrer quelqu\u2019un de l\u2019association\u2009\u00bb, assure encore le patron aupr\u00e8s d\u2019actu Marseille.<\/p>\n<p class=\" wall-content\">Une nouvelle qui sera forc\u00e9ment bien accueillie chez Paz. Avec un b\u00e9mol\u2009: <strong>Droguy serait loin d\u2019\u00eatre le seul magasin de Marseille \u00e0 vendre ce produit d\u00e9cri\u00e9.<\/strong> \u00ab\u2009Il y en a partout, explique une source bien inform\u00e9e. En m\u00eame temps, les gens n\u2019en peuvent plus.\u2009\u00bb Des enseignes en ligne, comme Amazon, en commercialisent \u00e9galement.<\/p>\n<p>Le lien vers la p\u00e9tition <a href=\"https:\/\/www.mypetition.org\/petition\/animaux\/aux-pieges-a-colle-droguy-store\/285536\" rel=\"nofollow noopener\" target=\"_blank\">ici<\/a><\/p>\n<p class=\" wall-content\">Personnalisez votre actualit\u00e9 en ajoutant vos villes et m\u00e9dias en favori avec <a href=\"https:\/\/moncompte.actu.fr\" title=\"D\u00e9couvez Mon Actu\" rel=\"nofollow noopener\" data-trk=\"{&quot;cta&quot;:{&quot;action&quot;:&quot;https:\\\/\\\/moncompte.actu.fr&quot;,&quot;category&quot;:&quot;mon compte&quot;,&quot;from&quot;:&quot;article footer&quot;,&quot;name&quot;:&quot;Mon actu&quot;,&quot;type&quot;:&quot;cta&quot;}}\" target=\"_blank\">Mon Actu<\/a>.<\/p>\n","protected":false},"excerpt":{"rendered":"Par Fabien Binacchi Publi\u00e9 le 3 sept. 2026 \u00e0 14h51 \u00ab\u2009Non aux pi\u00e8ges \u00e0 colle chez Droguy Store\u2009\u00bb\u2009:&hellip;\n","protected":false},"author":2,"featured_media":1165033,"comment_status":"","ping_status":"","sticky":false,"template":"","format":"standard","meta":{"footnotes":"","_share_on_mastodon":"0"},"categories":[2814],"tags":[1111,11,1867,215,1777,674,1011,27,884,12,882,25,104],"class_list":["post-1165032","post","type-post","status-publish","format-standard","has-post-thumbnail","category-marseille","tag-actu","tag-actualites","tag-animaux","tag-commerce","tag-eu","tag-europe","tag-fr","tag-france","tag-marseille","tag-news","tag-provence-alpes-cote-dazur","tag-republique-francaise","tag-societe"],"share_on_mastodon":{"url":"https:\/\/pubeurope.com\/@fr\/117207360020275564","error":""},"_links":{"self":[{"href":"https:\/\/www.europesays.com\/fr\/wp-json\/wp\/v2\/posts\/1165032","targetHints":{"allow":["GET"]}}],"collection":[{"href":"https:\/\/www.europesays.com\/fr\/wp-json\/wp\/v2\/posts"}],"about":[{"href":"https:\/\/www.europesays.com\/fr\/wp-json\/wp\/v2\/types\/post"}],"author":[{"embeddable":true,"href":"https:\/\/www.europesays.com\/fr\/wp-json\/wp\/v2\/users\/2"}],"replies":[{"embeddable":true,"href":"https:\/\/www.europesays.com\/fr\/wp-json\/wp\/v2\/comments?post=1165032"}],"version-history":[{"count":0,"href":"https:\/\/www.europesays.com\/fr\/wp-json\/wp\/v2\/posts\/1165032\/revisions"}],"wp:featuredmedia":[{"embeddable":true,"href":"https:\/\/www.europesays.com\/fr\/wp-json\/wp\/v2\/media\/1165033"}],"wp:attachment":[{"href":"https:\/\/www.europesays.com\/fr\/wp-json\/wp\/v2\/media?parent=1165032"}],"wp:term":[{"taxonomy":"category","embeddable":true,"href":"https:\/\/www.europesays.com\/fr\/wp-json\/wp\/v2\/categories?post=1165032"},{"taxonomy":"post_tag","embeddable":true,"href":"https:\/\/www.europesays.com\/fr\/wp-json\/wp\/v2\/tags?post=1165032"}],"curies":[{"name":"wp","href":"https:\/\/api.w.org\/{rel}","templated":true}]}}