{"id":1165058,"date":"2026-09-03T14:00:13","date_gmt":"2026-09-03T14:00:13","guid":{"rendered":"https:\/\/www.europesays.com\/fr\/1165058\/"},"modified":"2026-09-03T14:00:13","modified_gmt":"2026-09-03T14:00:13","slug":"une-nouvelle-casquette-pour-benjamin-marais-actualite","status":"publish","type":"post","link":"https:\/\/www.europesays.com\/fr\/1165058\/","title":{"rendered":"Une nouvelle casquette pour Benjamin Marais &#8211; Actualit\u00e9"},"content":{"rendered":"<p dir=\"ltr\">Laval Cyclisme 53 annonce l\u2019arriv\u00e9e d\u2019un ancien coureur \u00c9lite comme \u00e9ducateur sportif. Il s\u2019agit de <strong><a href=\"https:\/\/www.directvelo.com\/coureur\/32968\/benjamin-marais\" target=\"_blank\" rel=\"noopener nofollow\">Benjamin Marais<\/a><\/strong>. Le Vend\u00e9en de 23 ans avait mis un terme \u00e0 sa carri\u00e8re cycliste en juin 2025, apr\u00e8s le contre-la-montre du Championnat de France disput\u00e9 aux Herbiers (Vend\u00e9e).<\/p>\n<p dir=\"ltr\">\u201cSon r\u00f4le sera notamment d\u2019encadrer et d\u2019accompagner nos jeunes dans leur d\u00e9veloppement et leur pratique du v\u00e9lo, mais aussi de participer \u00e0 diff\u00e9rentes missions au sein du club\u201d, indique le club mayennais.<\/p>\n<p>Benjamin Marais a pass\u00e9 quatre ans et demi au Vend\u00e9e U. Il a notamment \u00e0 son palmar\u00e8s la Boucle de l\u2019Artois 2022, qui \u00e9tait alors une manche de la Coupe de France N1.<\/p>\n","protected":false},"excerpt":{"rendered":"Laval Cyclisme 53 annonce l\u2019arriv\u00e9e d\u2019un ancien coureur \u00c9lite comme \u00e9ducateur sportif. Il s\u2019agit de Benjamin Marais. Le&hellip;\n","protected":false},"author":2,"featured_media":1165059,"comment_status":"","ping_status":"","sticky":false,"template":"","format":"standard","meta":{"footnotes":"","_share_on_mastodon":"0"},"categories":[1411],"tags":[834,828,836,829,837,827,83,826,824,823,1154,207,814,817,815,816,822,821,832,211,839,1011,27,820,818,819,835,831,830,833,838,60,212,208,825],"class_list":["post-1165058","post","type-post","status-publish","format-standard","has-post-thumbnail","category-cyclisme","tag-attaque","tag-belgique","tag-braquet","tag-bretagne","tag-chute","tag-competition","tag-coupe-de-france","tag-coureur","tag-course-cyclisme","tag-course-cycliste","tag-cycling","tag-cyclisme","tag-direct","tag-direct-velo","tag-directvelo","tag-directvelo-com","tag-epreuve","tag-epreuve-cycliste","tag-federation-francaise-de-cyclisme","tag-ffc","tag-flandres","tag-fr","tag-france","tag-live","tag-live-course","tag-live-epreuve","tag-peloton","tag-radio-peloton","tag-radio-tour","tag-ravitaillement","tag-relance","tag-sports","tag-uci","tag-velo","tag-velos"],"share_on_mastodon":{"url":"https:\/\/pubeurope.com\/@fr\/117207474500453348","error":""},"_links":{"self":[{"href":"https:\/\/www.europesays.com\/fr\/wp-json\/wp\/v2\/posts\/1165058","targetHints":{"allow":["GET"]}}],"collection":[{"href":"https:\/\/www.europesays.com\/fr\/wp-json\/wp\/v2\/posts"}],"about":[{"href":"https:\/\/www.europesays.com\/fr\/wp-json\/wp\/v2\/types\/post"}],"author":[{"embeddable":true,"href":"https:\/\/www.europesays.com\/fr\/wp-json\/wp\/v2\/users\/2"}],"replies":[{"embeddable":true,"href":"https:\/\/www.europesays.com\/fr\/wp-json\/wp\/v2\/comments?post=1165058"}],"version-history":[{"count":0,"href":"https:\/\/www.europesays.com\/fr\/wp-json\/wp\/v2\/posts\/1165058\/revisions"}],"wp:featuredmedia":[{"embeddable":true,"href":"https:\/\/www.europesays.com\/fr\/wp-json\/wp\/v2\/media\/1165059"}],"wp:attachment":[{"href":"https:\/\/www.europesays.com\/fr\/wp-json\/wp\/v2\/media?parent=1165058"}],"wp:term":[{"taxonomy":"category","embeddable":true,"href":"https:\/\/www.europesays.com\/fr\/wp-json\/wp\/v2\/categories?post=1165058"},{"taxonomy":"post_tag","embeddable":true,"href":"https:\/\/www.europesays.com\/fr\/wp-json\/wp\/v2\/tags?post=1165058"}],"curies":[{"name":"wp","href":"https:\/\/api.w.org\/{rel}","templated":true}]}}