{"id":116506,"date":"2025-05-21T09:25:08","date_gmt":"2025-05-21T09:25:08","guid":{"rendered":"https:\/\/www.europesays.com\/fr\/116506\/"},"modified":"2025-05-21T09:25:08","modified_gmt":"2025-05-21T09:25:08","slug":"rouen-le-projet-de-ceremonie-du-14-juillet-choregraphiee-par-thomas-jolly-tombe-a-leau","status":"publish","type":"post","link":"https:\/\/www.europesays.com\/fr\/116506\/","title":{"rendered":"Rouen\u00a0: le projet de c\u00e9r\u00e9monie du 14\u00a0juillet chor\u00e9graphi\u00e9e par Thomas Jolly tombe \u00e0 l\u2019eau"},"content":{"rendered":"<p class=\"paragraph text_align_left\">Quelques jours seulement apr\u00e8s avoir d\u00e9couvert l\u2019existence <a href=\"https:\/\/www.leparisien.fr\/seine-maritime-76\/la-facture-de-la-ceremonie-envisagee-du-14-juillet-a-rouen-choregraphiee-par-thomas-jolly-enflamme-les-debats-14-05-2025-3XCRXDJ2KJGV3BGXE3FAW2N35I.php\" target=\"_blank\" rel=\"noreferrer noopener\">d\u2019un projet de c\u00e9r\u00e9monie du 14 juillet au budget de 11 millions d\u2019euros<\/a>, les Rouennais viennent d\u2019apprendre qu\u2019il n\u2019aura finalement pas lieu.<\/p>\n<p class=\"paragraph text_align_left\">Ses deux concepteurs, Thomas Jolly et Thierry Reboul, \u00e0 qui l\u2019on doit le succ\u00e8s des <a href=\"https:\/\/www.leparisien.fr\/jo-paris-2024\/jo-paris-2024-la-ceremonie-douverture-aurait-coute-environ-100-millions-deuros-a-lorganisation-23-10-2024-B2KW65ZGKZBINJIBG5JOUNEVJA.php\" target=\"_blank\" rel=\"noreferrer noopener\">parades d\u2019ouverture de cl\u00f4ture des Jeux olympiques et paralympiques de Paris 2024<\/a>, ont en effet annonc\u00e9 dans un long communiqu\u00e9 qu\u2019ils jetaient l\u2019\u00e9ponge : \u00ab Le projet artistique imagin\u00e9 pour c\u00e9l\u00e9brer le 14 juillet 2025 \u00e0 Rouen (Seine-Maritime), port\u00e9 depuis d\u00e9cembre 2024 par une \u00e9quipe ind\u00e9pendante de la municipalit\u00e9 de Rouen n\u2019aboutira pas. La part d\u2019argent priv\u00e9 n\u00e9cessaire \u00e0 la tenue du projet 14 n\u2019est pas atteinte. Par cons\u00e9quent, la part d\u2019argent public envisag\u00e9e (5 millions d\u2019euros r\u00e9partis entre la ville de Rouen et la m\u00e9tropole Rouen-Normandie, NDLR) pour ce projet n\u2019est pas sollicit\u00e9e. \u00bb<\/p>\n<p class=\"paragraph text_align_left\">Et si aucun d\u00e9tail n\u2019est donn\u00e9 sur le contenu pr\u00e9cis de l\u2019\u00e9v\u00e9nement, d\u2019apr\u00e8s ceux qui l\u2019avaient imagin\u00e9, il \u00ab aurait permis de mobiliser plusieurs centaines de professionnels du spectacle vivant locaux (\u2026) et de faire rayonner les talents et le patrimoine normands \u00e0 travers une diffusion t\u00e9l\u00e9vis\u00e9e potentielle (en direct sur TF1, NDLR) de 10 millions de spectateurs en France, ainsi qu\u2019une diffusion \u00e0 l\u2019\u00e9tranger. Le tout au moyen d\u2019un \u00e9v\u00e9nement populaire, gratuit et f\u00e9d\u00e9rateur, pour une jauge de spectateurs \u00e9quivalente au Stade de France \u00bb.<\/p>\n<p>Des critiques sur le budget et le manque de transparence<\/p>\n<p class=\"paragraph text_align_left\">Seulement voil\u00e0, tenu secret jusqu\u2019\u00e0 son annonce officielle aux \u00e9lus m\u00e9tropolitains, le 12 mai dernier, et les premiers articles \u00e0 son sujet, ce \u00ab projet 14-7 \u00bb s\u2019est rapidement heurt\u00e9 \u00e0 une vague de critiques, concentr\u00e9es principalement sur le montant de la facture \u00e0 r\u00e9gler par les collectivit\u00e9s.<\/p>\n<p class=\"paragraph text_align_left\">L\u2019annonce ce lundi par les alli\u00e9s \u00e9cologistes du maire (PS) de Rouen, Nicolas Mayer-Rossignol, de leur refus de voter toutes demandes de subventions publiques \u00ab pour une soir\u00e9e en prime time \u00bb a certainement condamn\u00e9 tout espoir de voir la situation, d\u00e9j\u00e0 bien mal embarqu\u00e9e, se retourner en sa faveur. Pour les Verts, au-del\u00e0 m\u00eame des questions de budget, c\u2019est aussi le \u00ab manque de transparence \u00bb autour de ce dossier qu\u2019ils fustigent dans un communiqu\u00e9.<\/p>\n<p class=\"paragraph text_align_left\">Un proche de l\u2019\u00e9quipe municipale r\u00e9sume ainsi la situation : \u00ab En d\u00e9but d\u2019ann\u00e9e, <a href=\"https:\/\/www.leparisien.fr\/politique\/crise-oblige-les-maires-se-serrent-la-ceinture-pour-leurs-voeux-28-12-2024-INCVHU4OTVBMZGMCZWGVWDDN5Y.php\" target=\"_blank\" rel=\"noreferrer noopener\">on annule une c\u00e9r\u00e9monie de v\u0153ux pour faire des \u00e9conomies<\/a>. On tacle le gouvernement en disant qu\u2019il nous rabote 18 millions d\u2019euros sur le budget de la m\u00e9tropole. Et l\u00e0 on trouve 5 millions d\u2019euros pour un show dont on ne sait rien. Pour les gens, ce n\u2019est pas entendable. \u00bb<\/p>\n<p>Une \u00ab r\u00e9action pr\u00e9cipit\u00e9e \u00bb pour Thomas Jolly<\/p>\n<p class=\"paragraph text_align_left\">Une vision que ne partage \u00e9videmment pas le pr\u00e9sident socialiste de la m\u00e9tropole, qui ne masque pas son amertume, persuad\u00e9 que les prochaines \u00e9lections municipales ne sont pas pour rien dans les prises de position de chacun. \u00ab Ce projet repr\u00e9sentait une opportunit\u00e9 unique en termes de culture, de rayonnement et d\u2019attractivit\u00e9. Une petite minorit\u00e9 politicienne a pr\u00e9f\u00e9r\u00e9 la pol\u00e9mique \u00bb, regrette Nicolas Mayer-Rossignol dans un communiqu\u00e9.<\/p>\n<p class=\"paragraph text_align_left\">Quant \u00e0 Thomas Jolly, la d\u00e9ception de ne pas avoir r\u00e9ussi \u00e0 susciter un engouement populaire autour de sa proposition est visiblement \u00e0 la hauteur des ambitions qu\u2019il portait <a href=\"https:\/\/www.leparisien.fr\/jo-paris-2024\/dune-enfance-rurale-au-genial-spectacle-sur-la-seine-thomas-jolly-itineraire-dun-grand-maitre-de-ceremonie-27-07-2024-IDVHQFMSIZCPJNWAZJMN7R7C4I.php\" target=\"_blank\" rel=\"noreferrer noopener\">pour sa ville natale<\/a> : \u00ab Ces remous, commentaires et attaques (\u2026) rel\u00e8vent davantage d\u2019une r\u00e9action pr\u00e9cipit\u00e9e que d\u2019une critique fond\u00e9e \u00bb, assure-t-il, taclant \u00ab certains m\u00e9dias et \u00e9lus \u00bb qui ont selon lui \u00ab \u0153uvr\u00e9 au discr\u00e9dit du financement public de la Culture, \u00e0 la dissension et d\u00e9fiance populaire plut\u00f4t qu\u2019\u00e0 son unit\u00e9 \u00bb.<\/p>\n","protected":false},"excerpt":{"rendered":"Quelques jours seulement apr\u00e8s avoir d\u00e9couvert l\u2019existence d\u2019un projet de c\u00e9r\u00e9monie du 14 juillet au budget de 11&hellip;\n","protected":false},"author":2,"featured_media":116507,"comment_status":"","ping_status":"","sticky":false,"template":"","format":"standard","meta":{"footnotes":""},"categories":[9587],"tags":[1111,11,459,1777,674,1011,27,12,5161,316,25,9590,11074],"class_list":{"0":"post-116506","1":"post","2":"type-post","3":"status-publish","4":"format-standard","5":"has-post-thumbnail","7":"category-rouen","8":"tag-actu","9":"tag-actualites","10":"tag-departements-horsidfo","11":"tag-eu","12":"tag-europe","13":"tag-fr","14":"tag-france","15":"tag-news","16":"tag-normandie","17":"tag-politique","18":"tag-republique-francaise","19":"tag-rouen","20":"tag-seine-maritime-76"},"share_on_mastodon":{"url":"https:\/\/pubeurope.com\/@fr\/114545106847268510","error":""},"_links":{"self":[{"href":"https:\/\/www.europesays.com\/fr\/wp-json\/wp\/v2\/posts\/116506","targetHints":{"allow":["GET"]}}],"collection":[{"href":"https:\/\/www.europesays.com\/fr\/wp-json\/wp\/v2\/posts"}],"about":[{"href":"https:\/\/www.europesays.com\/fr\/wp-json\/wp\/v2\/types\/post"}],"author":[{"embeddable":true,"href":"https:\/\/www.europesays.com\/fr\/wp-json\/wp\/v2\/users\/2"}],"replies":[{"embeddable":true,"href":"https:\/\/www.europesays.com\/fr\/wp-json\/wp\/v2\/comments?post=116506"}],"version-history":[{"count":0,"href":"https:\/\/www.europesays.com\/fr\/wp-json\/wp\/v2\/posts\/116506\/revisions"}],"wp:featuredmedia":[{"embeddable":true,"href":"https:\/\/www.europesays.com\/fr\/wp-json\/wp\/v2\/media\/116507"}],"wp:attachment":[{"href":"https:\/\/www.europesays.com\/fr\/wp-json\/wp\/v2\/media?parent=116506"}],"wp:term":[{"taxonomy":"category","embeddable":true,"href":"https:\/\/www.europesays.com\/fr\/wp-json\/wp\/v2\/categories?post=116506"},{"taxonomy":"post_tag","embeddable":true,"href":"https:\/\/www.europesays.com\/fr\/wp-json\/wp\/v2\/tags?post=116506"}],"curies":[{"name":"wp","href":"https:\/\/api.w.org\/{rel}","templated":true}]}}