{"id":1165066,"date":"2026-09-03T14:12:14","date_gmt":"2026-09-03T14:12:14","guid":{"rendered":"https:\/\/www.europesays.com\/fr\/1165066\/"},"modified":"2026-09-03T14:12:14","modified_gmt":"2026-09-03T14:12:14","slug":"un-nouveau-cas-de-dengue-detecte-dans-le-var-la-region-provence-alpes-cote-dazur-est-la-plus-touchee-par-les-maladies-transmises-par-les-moustiques","status":"publish","type":"post","link":"https:\/\/www.europesays.com\/fr\/1165066\/","title":{"rendered":"Un nouveau cas de dengue d\u00e9tect\u00e9 dans le Var, la r\u00e9gion Provence-Alpes-C\u00f4te d&rsquo;Azur est la plus touch\u00e9e par les maladies transmises par les moustiques"},"content":{"rendered":"<p class=\"article__intro\">Alors que le moustique tigre est encore en activit\u00e9 dans l&rsquo;Hexagone, un nouveau cas de dengue a \u00e9t\u00e9 signal\u00e9 \u00e0 Sanary-sur-Mer. La r\u00e9gion Paca est la plus touch\u00e9e de France par les cas de dengue et chikungunya import\u00e9s mais elle r\u00e9ussit \u00e0 limiter les contaminations locales. Le point.<\/p>\n<p>L&rsquo;information est tomb\u00e9e ce mercredi 2 septembre sur les r\u00e9seaux sociaux de la ville. \u00c1 Sanary-sur-Mer (<a href=\"https:\/\/france3-regions.franceinfo.fr\/provence-alpes-cote-d-azur\/var\" target=\"_blank\" rel=\"noopener noreferrer nofollow\" data-tooltip-url=\"https:\/\/france3-regions.franceinfo.fr\/provence-alpes-cote-d-azur\/var\">Var<\/a>), une vaste op\u00e9ration de d\u00e9moustication a d\u00e9but\u00e9 apr\u00e8s le signalement d&rsquo;un cas de dengue chez un habitant. \u00ab\u00a0L\u2019Agence R\u00e9gionale de Sant\u00e9 (ARS PACA) a d\u00e9clench\u00e9 le protocole de lutte anti-vectorielle. Une \u00e9quipe sp\u00e9cialis\u00e9e de l\u2019EID M\u00e9diterran\u00e9e intervient dans le secteur concern\u00e9 afin de pr\u00e9venir tout risque de transmission\u00a0\u00bb d\u00e9taille la commune.<\/p>\n<p>Des op\u00e9rations de d\u00e9moustication sont ainsi ordonn\u00e9es lors de d\u00e9tection de cas de dengue ou de chikungunya, notamment pour \u00e9viter tout risque de transmission.<\/p>\n<\/p>\n<p>Le moustique tigre, qui s&rsquo;est implant\u00e9 en France depuis 2004, est vecteur de maladies comme la dengue et le chikungunya. C&rsquo;est dans les Alpes-Maritimes que ces premiers moustiques, venus des for\u00eats tropicales d&rsquo;Asie du Sud-Est, sont apparus. <\/p>\n<p>Vingt-deux ans plus tard, les cas de maladies transmises par cet insecte inqui\u00e8tent toujours les autorit\u00e9s sanitaires. Ces virus peuvent provoquer de fortes fi\u00e8vres, des maux de t\u00eate, des douleurs musculaires et articulaires, des naus\u00e9es, de la fatigue. Plusieurs cas autochtones, c\u2019est-\u00e0-dire apparus dans l&rsquo;Hexagone et non import\u00e9s par des voyageurs, sont relev\u00e9s chaque ann\u00e9e.<\/p>\n<p>En 2026, le premier cas de dengue a \u00e9t\u00e9 signal\u00e9 \u00e0 Marseille d\u00e9but ao\u00fbt, d&rsquo;apr\u00e8s le <a href=\"https:\/\/www.santepubliquefrance.fr\/sites\/default\/files\/2026-09\/bullnat_arboviroses_20260902_vf.pdf\" target=\"_blank\" rel=\"noopener noreferrer nofollow\" data-tooltip-url=\"https:\/\/www.santepubliquefrance.fr\/sites\/default\/files\/2026-09\/bullnat_arboviroses_20260902_vf.pdf\">rapport de Sant\u00e9 Publique France<\/a>, il y aurait eu deux cas au total dans la ville. Le document indique que l&rsquo;\u00e9pisode n&rsquo;est \u00ab\u00a0pas clos\u00a0\u00bb pour l&rsquo;instant.<\/p>\n<p>Dans la r\u00e9gion, les contaminations autochtones locales ont \u00e9t\u00e9 limit\u00e9es pendant l&rsquo;\u00e9t\u00e9 2026. La Gironde totalise par exemple plus d&rsquo;une trentaine de cas de chikungunya depuis le mois de juin.<\/p>\n<p>Entre le 1er mai et le 30 ao\u00fbt 2026, Sant\u00e9 Publique France rel\u00e8ve \u00e9galement 21 cas import\u00e9s de chikungunya, et 39 de dengue dans la r\u00e9gion. Faisant de la Provence-Alpes-C\u00f4te d&rsquo;Azur le secteur le plus touch\u00e9 par ces maladies pendant la p\u00e9riode.<\/p>\n<p>Les cas import\u00e9s restent tr\u00e8s surveill\u00e9s, puisqu&rsquo;ils peuvent \u00eatre la cause d&rsquo;un futur cas autochtone. Une personne piqu\u00e9e \u00e0 l&rsquo;\u00e9tranger et infect\u00e9e, peut \u00eatre piqu\u00e9e par un autre moustique en France. Celui-ci peut ensuite \u00eatre lui-m\u00eame atteint de l&rsquo;une des maladies, et les transmettre \u00e0 la prochaine personne qu&rsquo;il piquera. \u00ab\u00a0La dengue se transmet de personne \u00e0 personne par l\u2019interm\u00e9diaire de la piq\u00fbre d\u2019un moustique\u00a0\u00bb rappelle ainsi l<a href=\"https:\/\/www.paca.ars.sante.fr\/un-premier-cas-de-dengue-detecte-en-provence-alpes-cote-dazur\" target=\"_blank\" rel=\"noopener noreferrer nofollow\" data-tooltip-url=\"https:\/\/www.paca.ars.sante.fr\/un-premier-cas-de-dengue-detecte-en-provence-alpes-cote-dazur\">&lsquo;ARS dans un communiqu\u00e9<\/a>. Avant de pr\u00e9ciser : \u00ab\u00a0En cas de sympt\u00f4mes, la protection contre les piq\u00fbres de moustiques est primordiale. En effet, un malade peut transmettre le virus aux moustiques jusqu\u2019au 7\u00e8me jour apr\u00e8s le d\u00e9but des sympt\u00f4mes (m\u00eame en cas de disparition de ceux-ci)\u00a0\u00bb.<\/p>\n<p>Le moustique tigre est d\u00e9sormais implant\u00e9 dans 83 d\u00e9partements fran\u00e7ais, il reste actif entre les mois de mai et de novembre. La saison est donc loin d&rsquo;\u00eatre termin\u00e9e, et les r\u00e9flexes \u00e0 adopter pour s&rsquo;en prot\u00e9ger sont toujours d&rsquo;actualit\u00e9.<\/p>\n","protected":false},"excerpt":{"rendered":"Alors que le moustique tigre est encore en activit\u00e9 dans l&rsquo;Hexagone, un nouveau cas de dengue a \u00e9t\u00e9&hellip;\n","protected":false},"author":2,"featured_media":1165067,"comment_status":"","ping_status":"","sticky":false,"template":"","format":"standard","meta":{"footnotes":"","_share_on_mastodon":"0"},"categories":[10],"tags":[1011,27,72,71],"class_list":["post-1165066","post","type-post","status-publish","format-standard","has-post-thumbnail","category-sante","tag-fr","tag-france","tag-health","tag-sante"],"share_on_mastodon":{"url":"https:\/\/pubeurope.com\/@fr\/117207521501224926","error":""},"_links":{"self":[{"href":"https:\/\/www.europesays.com\/fr\/wp-json\/wp\/v2\/posts\/1165066","targetHints":{"allow":["GET"]}}],"collection":[{"href":"https:\/\/www.europesays.com\/fr\/wp-json\/wp\/v2\/posts"}],"about":[{"href":"https:\/\/www.europesays.com\/fr\/wp-json\/wp\/v2\/types\/post"}],"author":[{"embeddable":true,"href":"https:\/\/www.europesays.com\/fr\/wp-json\/wp\/v2\/users\/2"}],"replies":[{"embeddable":true,"href":"https:\/\/www.europesays.com\/fr\/wp-json\/wp\/v2\/comments?post=1165066"}],"version-history":[{"count":0,"href":"https:\/\/www.europesays.com\/fr\/wp-json\/wp\/v2\/posts\/1165066\/revisions"}],"wp:featuredmedia":[{"embeddable":true,"href":"https:\/\/www.europesays.com\/fr\/wp-json\/wp\/v2\/media\/1165067"}],"wp:attachment":[{"href":"https:\/\/www.europesays.com\/fr\/wp-json\/wp\/v2\/media?parent=1165066"}],"wp:term":[{"taxonomy":"category","embeddable":true,"href":"https:\/\/www.europesays.com\/fr\/wp-json\/wp\/v2\/categories?post=1165066"},{"taxonomy":"post_tag","embeddable":true,"href":"https:\/\/www.europesays.com\/fr\/wp-json\/wp\/v2\/tags?post=1165066"}],"curies":[{"name":"wp","href":"https:\/\/api.w.org\/{rel}","templated":true}]}}