{"id":1165081,"date":"2026-09-03T14:22:19","date_gmt":"2026-09-03T14:22:19","guid":{"rendered":"https:\/\/www.europesays.com\/fr\/1165081\/"},"modified":"2026-09-03T14:22:19","modified_gmt":"2026-09-03T14:22:19","slug":"saint-etienne-un-an-apres-avoir-ete-pirate-le-hpl-lourdement-sanctionne","status":"publish","type":"post","link":"https:\/\/www.europesays.com\/fr\/1165081\/","title":{"rendered":"Saint-Etienne : un an apr\u00e8s avoir \u00e9t\u00e9 pirat\u00e9, le HPL lourdement sanctionn\u00e9"},"content":{"rendered":"<p><img decoding=\"async\" class=\"\" style=\"width:100%\" src=\"https:\/\/www.europesays.com\/fr\/wp-content\/uploads\/2026\/09\/HPL1744866977941.png\" alt=\"HPL\"\/><\/p>\n<p>Cr\u00e9dit : Capture d&rsquo;\u00e9cran site du HPL<\/p>\n<p>Au c\u0153ur de l&rsquo;\u00e9t\u00e9 2025, le HPL (h\u00f4pital priv\u00e9 de la Loire) avait subi une cyberattaque, <a href=\"https:\/\/www.activradio.com\/l-hopital-prive-de-la-loire-victime-d-une-fuite-importante-de-donnee?fbclid=IwY2xjawUGU0JwZG9mBWV4dG4DYWVtAjEwAGJyaWQRMEdaUGJrU0x0WHIzUzBoYWtzcnRjBmFwcF9pZBAyMjIwMzkxNzg4MjAwODkyAAEesLjswiprGlGs65DeFZB7F4Jbv_c1-D1Skdq56BkVXZPDQQrHReLq0TQpUGc_aem_KprxnCA0dX9fovbstYRsSQ\" rel=\"noopener nofollow\" target=\"_blank\">entrainant un important vol de donn\u00e9es des patients<\/a>. Une grosse ann\u00e9e apr\u00e8s les faits, la CNIL (Commission nationale de l&rsquo;informatique et des libert\u00e9s) <a href=\"https:\/\/cnil.fr\/fr\/sanction-hopital-prive-loire\" rel=\"noopener nofollow\" target=\"_blank\">annonce une sanction<\/a>.<\/p>\n<p>Ce jeudi 3 septembre, une amende de 500 000 euros a \u00e9t\u00e9 inflig\u00e9e au HPL, pour ne pas avoir pris des mesures adapt\u00e9es pour assurer la s\u00e9curit\u00e9 des donn\u00e9es de ses patients et de certains de leurs proches.<\/p>\n<p>Il est notamment repproch\u00e9, \u00ab\u00a0une proc\u00e9dure d\u2019authentification pour se connecter au dossier patient informatis\u00e9 (DPI) de l\u2019h\u00f4pital, utilis\u00e9e par les utilisateurs externes \u00e0 l\u2019h\u00f4pital, notamment les m\u00e9decins lib\u00e9raux, n\u2019\u00e9tait pas suffisamment robuste, en raison de l\u2019absence de VPN et de moyen d\u2019authentification multifacteur. L\u2019attaquant a profit\u00e9 de cette vuln\u00e9rabilit\u00e9 pour acc\u00e9der aux donn\u00e9es.\u00a0\u00bb<\/p>\n","protected":false},"excerpt":{"rendered":"Cr\u00e9dit : Capture d&rsquo;\u00e9cran site du HPL Au c\u0153ur de l&rsquo;\u00e9t\u00e9 2025, le HPL (h\u00f4pital priv\u00e9 de la&hellip;\n","protected":false},"author":2,"featured_media":1165082,"comment_status":"","ping_status":"","sticky":false,"template":"","format":"standard","meta":{"footnotes":"","_share_on_mastodon":"0"},"categories":[9653],"tags":[1111,11,2430,9233,1777,674,1011,27,100,39819,3367,12,16421,32023,25,4001,10378],"class_list":["post-1165081","post","type-post","status-publish","format-standard","has-post-thumbnail","category-saint-etienne","tag-actu","tag-actualites","tag-auvergne-rhone-alpes","tag-cnil","tag-eu","tag-europe","tag-fr","tag-france","tag-hopital","tag-hpl","tag-loire","tag-news","tag-piratage","tag-prive","tag-republique-francaise","tag-saint-etienne","tag-sanction"],"share_on_mastodon":{"url":"https:\/\/pubeurope.com\/@fr\/117207562539149546","error":""},"_links":{"self":[{"href":"https:\/\/www.europesays.com\/fr\/wp-json\/wp\/v2\/posts\/1165081","targetHints":{"allow":["GET"]}}],"collection":[{"href":"https:\/\/www.europesays.com\/fr\/wp-json\/wp\/v2\/posts"}],"about":[{"href":"https:\/\/www.europesays.com\/fr\/wp-json\/wp\/v2\/types\/post"}],"author":[{"embeddable":true,"href":"https:\/\/www.europesays.com\/fr\/wp-json\/wp\/v2\/users\/2"}],"replies":[{"embeddable":true,"href":"https:\/\/www.europesays.com\/fr\/wp-json\/wp\/v2\/comments?post=1165081"}],"version-history":[{"count":0,"href":"https:\/\/www.europesays.com\/fr\/wp-json\/wp\/v2\/posts\/1165081\/revisions"}],"wp:featuredmedia":[{"embeddable":true,"href":"https:\/\/www.europesays.com\/fr\/wp-json\/wp\/v2\/media\/1165082"}],"wp:attachment":[{"href":"https:\/\/www.europesays.com\/fr\/wp-json\/wp\/v2\/media?parent=1165081"}],"wp:term":[{"taxonomy":"category","embeddable":true,"href":"https:\/\/www.europesays.com\/fr\/wp-json\/wp\/v2\/categories?post=1165081"},{"taxonomy":"post_tag","embeddable":true,"href":"https:\/\/www.europesays.com\/fr\/wp-json\/wp\/v2\/tags?post=1165081"}],"curies":[{"name":"wp","href":"https:\/\/api.w.org\/{rel}","templated":true}]}}