{"id":1165097,"date":"2026-09-03T14:35:16","date_gmt":"2026-09-03T14:35:16","guid":{"rendered":"https:\/\/www.europesays.com\/fr\/1165097\/"},"modified":"2026-09-03T14:35:16","modified_gmt":"2026-09-03T14:35:16","slug":"un-accord-negocie-dans-lombre-avant-larrivee-de-dongfeng-les-salaries-de-stellantis-rennes-dans-le-doute","status":"publish","type":"post","link":"https:\/\/www.europesays.com\/fr\/1165097\/","title":{"rendered":"\u00ab\u00a0Un accord n\u00e9goci\u00e9 dans l&rsquo;ombre\u00a0\u00bb : avant l&rsquo;arriv\u00e9e de Dongfeng, les salari\u00e9s de Stellantis Rennes dans le doute"},"content":{"rendered":"<p>                    Par<br \/>\n        <strong><br \/>\n            <a href=\"https:\/\/actu.fr\/auteur\/clemence-pays02-actu-fr\" title=\"Consulter tous les articles de Cl\u00e9mence Pays\" rel=\"nofollow noopener\" target=\"_blank\">Cl\u00e9mence Pays<\/a><br \/>\n                    <\/strong><\/p>\n<p>        Publi\u00e9 le<\/p>\n<p>            3 sept. 2026 \u00e0 15h50        <\/p>\n<p>L\u2019annonce officielle est tomb\u00e9e mercredi 20\u00a0mai 2026, apr\u00e8s <a href=\"https:\/\/actu.fr\/bretagne\/rennes_35238\/coup-de-tonnerre-a-rennes-l-entreprise-stellantis-va-t-elle-devenir-chinoise_64185566.html\" rel=\"nofollow noopener\" target=\"_blank\">des semaines de suspicion<\/a>. <strong>Stellantis<\/strong> a annonc\u00e9 son souhait de <a href=\"https:\/\/actu.fr\/bretagne\/rennes_35238\/usine-stellantis-a-rennes-c-est-confirme-un-nouveau-vehicule-du-chinois-dongfeng-sera-bientot-produit_64288073.html\" rel=\"nofollow noopener\" target=\"_blank\">cr\u00e9er une coentreprise europ\u00e9enne avec le constructeur chinois Dongfeng<\/a>, \u00e0 Chartres-de-Bretagne, sur le site de <strong>La Janais.<\/strong><\/p>\n<p class=\" wall-content\">Mais depuis, les salari\u00e9s n\u2019en savent pas beaucoup plus sur la forme que doit prendre cette <strong>nouvelle organisation.<\/strong><\/p>\n<p>Diversifier l\u2019activit\u00e9 du site<\/p>\n<p class=\" wall-content\">\u00ab\u2009L\u2019usine Stellantis de Rennes-La Janais est <strong>\u00e0 un tournant de son histoire<\/strong>\u2009\u00bb, lance Laurent Valy, secr\u00e9taire g\u00e9n\u00e9ral CFDT M\u00e9tallurgie C\u0153ur Bretagne.<\/p>\n<p class=\" wall-content\">Lors d\u2019une conf\u00e9rence de presse, mercredi 2\u00a0septembre 2026, en pr\u00e9sence de Marylise L\u00e9on, secr\u00e9taire g\u00e9n\u00e9rale de la CFDT, le repr\u00e9sentant syndical a rappel\u00e9 <strong>l\u2019importance pour l\u2019usine rennaise de diversifier sa production.<\/strong><\/p>\n<p class=\" wall-content\">En effet, \u00e0 Chartres-de-Bretagne, <a href=\"https:\/\/actu.fr\/bretagne\/rennes_35238\/c-est-un-bon-moment-produits-a-rennes-71-nouveaux-citroen-c5-aircross-livres-a-la-police-et-a-la-gendarmerie_64362634.html\" rel=\"nofollow noopener\" target=\"_blank\">seul le C5 Aircross est produit<\/a>. Si les ventes sont plut\u00f4t bonnes, les <strong>85\u2009000 v\u00e9hicules<\/strong> qui sortent de La Janais chaque ann\u00e9e ne suffisent pas \u00e0 garantir la p\u00e9rennit\u00e9 de l\u2019usine, dont la <strong>capacit\u00e9 maximale est de 140\u2009000 v\u00e9hicules<\/strong> par an.<\/p>\n<p class=\" wall-content\">Produire un v\u00e9hicule \u00e0 Rennes pour le constructeur chinois semble donc une <strong>bonne id\u00e9e<\/strong> pour la CFDT.<\/p>\n<p class=\" wall-content\">\u00ab\u2009C\u2019est <strong>un grand oui pour Dongfeng,<\/strong> mais <strong>pas \u00e0 n\u2019importe quel prix<\/strong>\u2009\u00bb, pr\u00e9cise Laurent Valy.<\/p>\n<p>Des transferts de contrats dans les tuyaux\u2009?<\/p>\n<p class=\" wall-content\">\u00ab\u2009Depuis le 20 mai, la direction nous maintient dans le flou, poursuit-il. C\u2019est un accord n\u00e9goci\u00e9 dans l\u2019ombre. Nous sommes convaincus que la direction est en train d\u2019<strong>organiser le transfert de nos contrats.<\/strong>\u2009\u00bb<\/p>\n<p class=\" wall-content\">En clair, le personnel rennais ne serait plus employ\u00e9 par Stellantis Auto SAS, mais par la nouvelle coentreprise. \u00ab\u2009On sera donc oblig\u00e9 de<strong> ren\u00e9gocier nos contrats<\/strong> et nos avantages\u2009\u00bb, craint la CFDT.<\/p>\n<p class=\" wall-content\">De son c\u00f4t\u00e9, Christine Virassamy, d\u00e9l\u00e9gu\u00e9e syndicale CFDT Stellantis Rennes-La Janais pointe du doigt un <strong>risque pour la souverainet\u00e9<\/strong> de l\u2019usine.<\/p>\n<p class=\" wall-content\">\u00ab\u2009On craint l\u2019installation de <strong>robots chinois<\/strong>\u2009\u00bb pour la fabrication du v\u00e9hicule Dongfeng.<\/p>\n<p class=\" wall-content\">\u00ab\u2009Il y aurait donc un <strong>risque de d\u00e9pendance<\/strong> au niveau de la maintenance et donc une <strong>perte d\u2019autonomie,<\/strong> en particulier pour les emplois qualifi\u00e9s.\u2009\u00bb<\/p>\n<p>Les sous-traitants dans le doute<\/p>\n<p class=\" wall-content\">Les salari\u00e9s de Stellantis ne sont pas les seuls \u00e0 s\u2019inqui\u00e9ter pour leur avenir. Les emplois des salari\u00e9s des <strong>sous-traitants Motherson et Talendis<\/strong> sont aussi menac\u00e9s.<\/p>\n<p class=\" wall-content\">\u00ab\u2009Notre avenir est directement li\u00e9 \u00e0 celui de Stellantis\u2009\u00bb, glisse un salari\u00e9 de Talendis. Pour m\u00e9moire, <a href=\"https:\/\/actu.fr\/bretagne\/noyal-chatillon-sur-seiche_35206\/implantee-en-ille-et-vilaine-l-association-talendi-sort-du-redressement-judiciaire-et-espere-un-avenir-plus-robuste_64729663.html\" rel=\"nofollow noopener\" target=\"_blank\">l\u2019association fournisseur de services industriels et num\u00e9riques sort \u00e0 peine la t\u00eate de l\u2019eau, apr\u00e8s quinze mois de redressement judiciaire<\/a>.<\/p>\n<p class=\" wall-content\">Son activit\u00e9 d\u00e9pend fortement du secteur automobile et donc de Stellantis.<\/p>\n<p class=\" wall-content\">\u00ab\u2009Pour nous, c\u2019est encore pire. <strong>Stellantis est notre seul client<\/strong> et on ne sait pas si le march\u00e9 nous sera attribu\u00e9 [une fois la coentreprise cr\u00e9\u00e9e, N.D.L.R.]\u2009\u00bb, confie un employ\u00e9 de Motherson.<\/p>\n<p class=\" wall-content\">En r\u00e9sum\u00e9, \u00ab\u2009ce partenariat est une chance s\u2019il y a bien le maintien des emplois et de la souverainet\u00e9\u2009\u00bb, enjoint Laurent Valy.<\/p>\n<p class=\" wall-content\">Le secr\u00e9taire g\u00e9n\u00e9ral CFDT M\u00e9tallurgie C\u0153ur Bretagne l\u2019assure\u2009: <strong>\u00ab\u2009L\u2019avenir de Stellantis Rennes-La Janais ne se d\u00e9cidera pas sans les salari\u00e9s et la CFDT.\u2009\u00bb<\/strong><\/p>\n<p class=\" wall-content\">Personnalisez votre actualit\u00e9 en ajoutant vos villes et m\u00e9dias en favori avec <a href=\"https:\/\/moncompte.actu.fr\" title=\"D\u00e9couvez Mon Actu\" rel=\"nofollow noopener\" data-trk=\"{&quot;cta&quot;:{&quot;action&quot;:&quot;https:\\\/\\\/moncompte.actu.fr&quot;,&quot;category&quot;:&quot;mon compte&quot;,&quot;from&quot;:&quot;article footer&quot;,&quot;name&quot;:&quot;Mon actu&quot;,&quot;type&quot;:&quot;cta&quot;}}\" target=\"_blank\">Mon Actu<\/a>.<\/p>\n","protected":false},"excerpt":{"rendered":"Par Cl\u00e9mence Pays Publi\u00e9 le 3 sept. 2026 \u00e0 15h50 L\u2019annonce officielle est tomb\u00e9e mercredi 20\u00a0mai 2026, apr\u00e8s&hellip;\n","protected":false},"author":2,"featured_media":1165098,"comment_status":"","ping_status":"","sticky":false,"template":"","format":"standard","meta":{"footnotes":"","_share_on_mastodon":"0"},"categories":[2821],"tags":[1111,11,646,829,33,341,1777,674,1011,27,12,584,25],"class_list":["post-1165097","post","type-post","status-publish","format-standard","has-post-thumbnail","category-rennes","tag-actu","tag-actualites","tag-automobile","tag-bretagne","tag-economie","tag-emploi","tag-eu","tag-europe","tag-fr","tag-france","tag-news","tag-rennes","tag-republique-francaise"],"share_on_mastodon":{"url":"https:\/\/pubeurope.com\/@fr\/117207611907289193","error":""},"_links":{"self":[{"href":"https:\/\/www.europesays.com\/fr\/wp-json\/wp\/v2\/posts\/1165097","targetHints":{"allow":["GET"]}}],"collection":[{"href":"https:\/\/www.europesays.com\/fr\/wp-json\/wp\/v2\/posts"}],"about":[{"href":"https:\/\/www.europesays.com\/fr\/wp-json\/wp\/v2\/types\/post"}],"author":[{"embeddable":true,"href":"https:\/\/www.europesays.com\/fr\/wp-json\/wp\/v2\/users\/2"}],"replies":[{"embeddable":true,"href":"https:\/\/www.europesays.com\/fr\/wp-json\/wp\/v2\/comments?post=1165097"}],"version-history":[{"count":0,"href":"https:\/\/www.europesays.com\/fr\/wp-json\/wp\/v2\/posts\/1165097\/revisions"}],"wp:featuredmedia":[{"embeddable":true,"href":"https:\/\/www.europesays.com\/fr\/wp-json\/wp\/v2\/media\/1165098"}],"wp:attachment":[{"href":"https:\/\/www.europesays.com\/fr\/wp-json\/wp\/v2\/media?parent=1165097"}],"wp:term":[{"taxonomy":"category","embeddable":true,"href":"https:\/\/www.europesays.com\/fr\/wp-json\/wp\/v2\/categories?post=1165097"},{"taxonomy":"post_tag","embeddable":true,"href":"https:\/\/www.europesays.com\/fr\/wp-json\/wp\/v2\/tags?post=1165097"}],"curies":[{"name":"wp","href":"https:\/\/api.w.org\/{rel}","templated":true}]}}