{"id":1165099,"date":"2026-09-03T14:36:30","date_gmt":"2026-09-03T14:36:30","guid":{"rendered":"https:\/\/www.europesays.com\/fr\/1165099\/"},"modified":"2026-09-03T14:36:30","modified_gmt":"2026-09-03T14:36:30","slug":"rennes-un-elan-de-solidarite-pour-les-etudiants-du-campus-the-land-apres-sa-fermeture","status":"publish","type":"post","link":"https:\/\/www.europesays.com\/fr\/1165099\/","title":{"rendered":"Rennes : un \u00e9lan de solidarit\u00e9 pour les \u00e9tudiants du campus The Land apr\u00e8s sa fermeture"},"content":{"rendered":"<p><img decoding=\"async\" class=\"\" style=\"width:100%;max-width:100%\" src=\"https:\/\/www.europesays.com\/fr\/wp-content\/uploads\/2026\/09\/Capture_d__cran_2026_09_03_1356411788436729724-format16by9.png\" alt=\"Campus The Land\"\/><\/p>\n<p>Campus The Land \u00e0 Rennes (Ille-et-Vilaine)<\/p>\n<p>Cr\u00e9dit : Capture \u00e9cran | Google Maps<\/p>\n<p style=\"text-align: justify;\">La<strong> d\u00e9cision<\/strong> a \u00e9t\u00e9<strong> valid\u00e9e ce lundi 31 ao\u00fbt par le conseil d\u2019administration.<\/strong> Une mauvaise nouvelle <strong>\u00e0 quelques jours de la rentr\u00e9e du 7 septembre.<\/strong><\/p>\n<p>\u00a0<br \/>\nDes centaines d\u2019\u00e9tudiants sans formation et des dizaines de salari\u00e9s sans emploi<\/p>\n<p style=\"text-align: justify;\">Cette cessation d\u2019activit\u00e9 entra\u00eene ainsi <strong>l\u2019arr\u00eat imm\u00e9diat de l\u2019ensemble des activit\u00e9s p\u00e9dagogiques pour la douzaine d\u2019\u00e9coles sup\u00e9rieures de l\u2019\u00e9tablissement rennais, <\/strong>cr\u00e9\u00e9 en 2020.<\/p>\n<p style=\"text-align: justify;\">Cons\u00e9quence\u00a0: <strong>des centaines d\u2019\u00e9l\u00e8ves et environ 200 employ\u00e9s<\/strong> se retrouvent priv\u00e9s de formation ou d\u2019emploi du jour au lendemain.<strong> Les \u00e9l\u00e8ves ont \u00e9t\u00e9 mis au courant<\/strong> de cette d\u00e9cision <strong>le mardi 1er septembre, <\/strong>soit six jours avant leur rentr\u00e9e.<\/p>\n<p style=\"text-align: justify;\">\u00a0<\/p>\n<p>Cr\u00e9ation d\u2019une cellule d\u2019accompagnement gratuite<\/p>\n<p style=\"text-align: justify;\">Face \u00e0 cette d\u00e9cision, un \u00e9lan de solidarit\u00e9 s\u2019est mis en place, notamment de la part d\u2019Armelle Bernois-Tanguy, formatrice de profession bas\u00e9e pr\u00e8s de Rennes, \u00e0 Guichen. Elle d\u00e9nonce cette cessation d\u2019activit\u00e9.<\/p>\n<blockquote>\n<p style=\"text-align: justify;\">\u00ab\u00a0Cette faillite \u00e9clair laisse des familles dans l\u2019angoisse financi\u00e8re, des contrats d\u2019apprentissage en suspens et des jeunes face au spectre d&rsquo;une ann\u00e9e blanche\u00a0\u00bb.<\/p>\n<\/blockquote>\n<p style=\"text-align: justify;\">Elle annonce <strong><a href=\"https:\/\/www.linkedin.com\/posts\/armelle-bernois-tanguy-37853b2b_fermeture-de-the-land-%C3%A0-rennes-derri%C3%A8re-activity-7501128990900953088-DOLA\/?originalSubdomain=fr\" rel=\"noopener nofollow\" target=\"_blank\">la cr\u00e9ation d&rsquo;une cellule d&rsquo;accompagnement b\u00e9n\u00e9vole et gratuite<\/a> pour aider ces \u00e9tudiants \u00e0 se reclasser. <\/strong>Elle fait appel \u00e0 <strong>des \u00e9tablissements bretons ayant des places disponibles, <\/strong>\u00e0 <strong>des employeurs voulant maintenir leurs contrats d&rsquo;apprentissage<\/strong> ou encore \u00e0 <strong>des professionnels de la formation souhaitant l&rsquo;aider.<\/strong> Armelle Bernois-Tanguy, invite les \u00e9tudiants, les parents et les entreprises concern\u00e9s \u00e0 la contacter.<\/p>\n","protected":false},"excerpt":{"rendered":"Campus The Land \u00e0 Rennes (Ille-et-Vilaine) Cr\u00e9dit : Capture \u00e9cran | Google Maps La d\u00e9cision a \u00e9t\u00e9 valid\u00e9e&hellip;\n","protected":false},"author":2,"featured_media":1165100,"comment_status":"","ping_status":"","sticky":false,"template":"","format":"standard","meta":{"footnotes":"","_share_on_mastodon":"0"},"categories":[2821],"tags":[9269,1111,11,829,13701,120111,120108,4019,120110,20345,6379,1777,674,13407,1119,120109,1011,27,848,12,584,25,3400,120107],"class_list":["post-1165099","post","type-post","status-publish","format-standard","has-post-thumbnail","category-rennes","tag-accompagnement","tag-actu","tag-actualites","tag-bretagne","tag-campus","tag-celulle","tag-cessation-dactivite","tag-ecoles","tag-ecoles-superieures","tag-employes","tag-etudiants","tag-eu","tag-europe","tag-fermeture","tag-formation","tag-formatrice","tag-fr","tag-france","tag-ille-et-vilaine","tag-news","tag-rennes","tag-republique-francaise","tag-solidarite","tag-the-land"],"share_on_mastodon":{"url":"https:\/\/pubeurope.com\/@fr\/117207617323256183","error":""},"_links":{"self":[{"href":"https:\/\/www.europesays.com\/fr\/wp-json\/wp\/v2\/posts\/1165099","targetHints":{"allow":["GET"]}}],"collection":[{"href":"https:\/\/www.europesays.com\/fr\/wp-json\/wp\/v2\/posts"}],"about":[{"href":"https:\/\/www.europesays.com\/fr\/wp-json\/wp\/v2\/types\/post"}],"author":[{"embeddable":true,"href":"https:\/\/www.europesays.com\/fr\/wp-json\/wp\/v2\/users\/2"}],"replies":[{"embeddable":true,"href":"https:\/\/www.europesays.com\/fr\/wp-json\/wp\/v2\/comments?post=1165099"}],"version-history":[{"count":0,"href":"https:\/\/www.europesays.com\/fr\/wp-json\/wp\/v2\/posts\/1165099\/revisions"}],"wp:featuredmedia":[{"embeddable":true,"href":"https:\/\/www.europesays.com\/fr\/wp-json\/wp\/v2\/media\/1165100"}],"wp:attachment":[{"href":"https:\/\/www.europesays.com\/fr\/wp-json\/wp\/v2\/media?parent=1165099"}],"wp:term":[{"taxonomy":"category","embeddable":true,"href":"https:\/\/www.europesays.com\/fr\/wp-json\/wp\/v2\/categories?post=1165099"},{"taxonomy":"post_tag","embeddable":true,"href":"https:\/\/www.europesays.com\/fr\/wp-json\/wp\/v2\/tags?post=1165099"}],"curies":[{"name":"wp","href":"https:\/\/api.w.org\/{rel}","templated":true}]}}