{"id":116510,"date":"2025-05-21T09:27:11","date_gmt":"2025-05-21T09:27:11","guid":{"rendered":"https:\/\/www.europesays.com\/fr\/116510\/"},"modified":"2025-05-21T09:27:11","modified_gmt":"2025-05-21T09:27:11","slug":"place-publique-se-divise-sur-fond-de-suspension-de-maxence-alloto","status":"publish","type":"post","link":"https:\/\/www.europesays.com\/fr\/116510\/","title":{"rendered":"Place publique se divise sur fond de suspension de Maxence Alloto"},"content":{"rendered":"<p>\u00ab\u00a0L\u2019immobile, c\u2019est l\u2019i\u00adnexo\u00adrable\u00a0\u00bb, \u00e9cri\u00advait Victor Hugo. Les \u00e9lus de Grenoble seront sans doute heu\u00adreux de savoir que l\u2019i\u00adnexo\u00adrable ne les menace pas, tant le conseil muni\u00adci\u00adpal est en constant mou\u00adve\u00adment, entre cr\u00e9a\u00adtions de groupes, d\u00e9parts ou ral\u00adlie\u00adments \u00e0 pro\u00adfu\u00adsion depuis 2020. Dernier \u00e9pi\u00adsode en date\u00a0: l\u2019an\u00adnonce, ven\u00addredi 16 mai 2025, de la cr\u00e9a\u00adtion d\u2019un groupe Place publique avec, en toile de fond, l\u2019\u00e9\u00advic\u00adtion du mou\u00adve\u00adment Place publique de Maxence Alloto, pr\u00e9\u00adsident du groupe muni\u00adci\u00adpal Place publique social d\u00e9mocrate.<\/p>\n<p><a href=\"https:\/\/www.europesays.com\/fr\/wp-content\/uploads\/2025\/05\/Conseil-municipal-du-30-janvier-2023.-\u00a9-Agathe-Brechemier-3-scaled.jpg\" target=\"_blank\" rel=\"noopener\"><img fetchpriority=\"high\" decoding=\"async\" aria-describedby=\"caption-attachment-591728\" class=\"wp-image-591728 size-full\" src=\"https:\/\/www.europesays.com\/fr\/wp-content\/uploads\/2025\/05\/Conseil-municipal-du-30-janvier-2023.-\u00a9-Agathe-Brechemier-3-scaled.jpg\" alt=\"Romain Gentil, ancien membre du groupe Socialistes et apparent\u00e9s, a int\u00e9gr\u00e9 un groupe Place publique aux c\u00f4t\u00e9s de Barbara Schuman au sein du conseil municipal de Grenoble. \u00a9 Agathe Br\u00e9chemier - Place Gre'net.\" width=\"2048\" height=\"1365\"  \/><\/a><\/p>\n<p id=\"caption-attachment-591728\" class=\"wp-caption-text\">Romain Gentil, ancien membre du groupe Socialistes et appa\u00adren\u00adt\u00e9s, a int\u00e9\u00adgr\u00e9 un groupe Place publique aux c\u00f4t\u00e9s de Barbara Schuman au sein du conseil muni\u00adci\u00adpal de Grenoble. \u00a9 Agathe Br\u00e9chemier \u2013 Place Gre\u2019net.<\/p>\n<p>C\u2019est par voie de com\u00admu\u00adni\u00adqu\u00e9 de presse que la d\u00e9l\u00e9\u00adga\u00adtion is\u00e9\u00adroise du mou\u00adve\u00adment de Rapha\u00ebl Glucksmann a annonc\u00e9 la cr\u00e9a\u00adtion du nou\u00adveau groupe muni\u00adci\u00adpal Place publique, lequel se com\u00adpose de Romain Gentil (aupa\u00adra\u00advant membre du groupe Socialistes et appa\u00adren\u00adt\u00e9s) et de Barbara Schuman.<\/p>\n<p>Le com\u00admu\u00adni\u00adqu\u00e9 prend soin de ne jamais citer nom\u00adm\u00e9\u00adment Maxence Alloto, mais \u00e9voque \u00ab\u00a0la sus\u00adpen\u00adsion de l\u2019adh\u00e9\u00adsion \u00e0 Place publique du pr\u00e9\u00adsident du groupe muni\u00adci\u00adpal Place publique social d\u00e9mo\u00adcrate\u00a0\u00bb. Un groupe qu\u2019il avait cofond\u00e9 <a href=\"https:\/\/www.placegrenet.fr\/2024\/04\/24\/grenoble-un-nouveau-groupe-place-publique-au-conseil-municipal-scission-chez-les-sept-anciens-frondeurs-de-gdes\/628379\" target=\"_blank\" rel=\"noopener\">en avril 2024<\/a>.<\/p>\n<p>Que devient, dans ce cas, le fameux groupe Place publique social d\u00e9mo\u00adcrate\u00a0? Il existe tou\u00adjours, lui aussi sous forme d\u2019un duo, com\u00adpos\u00e9 de Maxence Alloto et d\u2019Anouche Agobian. Et Place publique de pr\u00e9\u00adve\u00adnir\u00a0: \u00ab\u00a0Le groupe Place publique social d\u00e9mo\u00adcrate ne peut [\u2026] se reven\u00addi\u00adquer comme repr\u00e9\u00adsen\u00adtant l\u00e9gi\u00adtime du parti au conseil muni\u00adci\u00adpal de Grenoble\u00a0\u00bb. Et ceci au nom de \u00ab\u00a0la n\u00e9ces\u00adsit\u00e9 d\u2019assurer une expres\u00adsion fid\u00e8le et coh\u00e9\u00adrente de [ses] posi\u00adtions\u00a0\u00bb.<\/p>\n","protected":false},"excerpt":{"rendered":"\u00ab\u00a0L\u2019immobile, c\u2019est l\u2019i\u00adnexo\u00adrable\u00a0\u00bb, \u00e9cri\u00advait Victor Hugo. Les \u00e9lus de Grenoble seront sans doute heu\u00adreux de savoir que l\u2019i\u00adnexo\u00adrable&hellip;\n","protected":false},"author":2,"featured_media":116511,"comment_status":"","ping_status":"","sticky":false,"template":"","format":"standard","meta":{"footnotes":""},"categories":[9566],"tags":[1111,11,2430,1777,674,1011,27,2731,12,25],"class_list":{"0":"post-116510","1":"post","2":"type-post","3":"status-publish","4":"format-standard","5":"has-post-thumbnail","7":"category-grenoble","8":"tag-actu","9":"tag-actualites","10":"tag-auvergne-rhone-alpes","11":"tag-eu","12":"tag-europe","13":"tag-fr","14":"tag-france","15":"tag-grenoble","16":"tag-news","17":"tag-republique-francaise"},"share_on_mastodon":{"url":"https:\/\/pubeurope.com\/@fr\/114545114924645248","error":""},"_links":{"self":[{"href":"https:\/\/www.europesays.com\/fr\/wp-json\/wp\/v2\/posts\/116510","targetHints":{"allow":["GET"]}}],"collection":[{"href":"https:\/\/www.europesays.com\/fr\/wp-json\/wp\/v2\/posts"}],"about":[{"href":"https:\/\/www.europesays.com\/fr\/wp-json\/wp\/v2\/types\/post"}],"author":[{"embeddable":true,"href":"https:\/\/www.europesays.com\/fr\/wp-json\/wp\/v2\/users\/2"}],"replies":[{"embeddable":true,"href":"https:\/\/www.europesays.com\/fr\/wp-json\/wp\/v2\/comments?post=116510"}],"version-history":[{"count":0,"href":"https:\/\/www.europesays.com\/fr\/wp-json\/wp\/v2\/posts\/116510\/revisions"}],"wp:featuredmedia":[{"embeddable":true,"href":"https:\/\/www.europesays.com\/fr\/wp-json\/wp\/v2\/media\/116511"}],"wp:attachment":[{"href":"https:\/\/www.europesays.com\/fr\/wp-json\/wp\/v2\/media?parent=116510"}],"wp:term":[{"taxonomy":"category","embeddable":true,"href":"https:\/\/www.europesays.com\/fr\/wp-json\/wp\/v2\/categories?post=116510"},{"taxonomy":"post_tag","embeddable":true,"href":"https:\/\/www.europesays.com\/fr\/wp-json\/wp\/v2\/tags?post=116510"}],"curies":[{"name":"wp","href":"https:\/\/api.w.org\/{rel}","templated":true}]}}