{"id":1165107,"date":"2026-09-03T14:42:11","date_gmt":"2026-09-03T14:42:11","guid":{"rendered":"https:\/\/www.europesays.com\/fr\/1165107\/"},"modified":"2026-09-03T14:42:11","modified_gmt":"2026-09-03T14:42:11","slug":"info-ouest-france-agressions-sexuelles-dans-un-avion-un-passager-ryanair-ralliant-nantes-place-en-detention-provisoire","status":"publish","type":"post","link":"https:\/\/www.europesays.com\/fr\/1165107\/","title":{"rendered":"INFO OUEST-FRANCE. Agressions sexuelles dans un avion: un passager Ryanair ralliant Nantes plac\u00e9 en d\u00e9tention provisoire"},"content":{"rendered":"<p>\n                Article premium,<br \/>\n                    R\u00e9serv\u00e9 aux\u00a0abonn\u00e9s\n            <\/p>\n<p class=\"su-standfirst chapeau\">Le 19\u00a0juillet, une jeune femme a \u00e9t\u00e9 victime d\u2019un malaise, lors d\u2019un vol reliant l\u2019\u00eele de Malte \u00e0 Nantes. \u00c0 son r\u00e9veil, son voisin de si\u00e8ge avait commenc\u00e9 \u00e0 la caresser sous ses v\u00eatements. Interpell\u00e9 six semaines plus tard avant qu\u2019il reprenne l\u2019avion, \u00e0 l\u2019a\u00e9roport de Nantes, le suspect sera jug\u00e9 en octobre pour agressions sexuelles sur personne vuln\u00e9rable.<\/p>\n<p>                                        <img decoding=\"async\" class=\"su-media\" src=\"https:\/\/media.ouest-france.fr\/v1\/pictures\/MjAyNjA5OWUxMTAyZTQzZDZlNjk5ZWJhNDI5OGE1ZTEyNDU1N2I?width=630&amp;height=354&amp;focuspoint=50%2C25&amp;cropresize=1&amp;client_id=bpeditorial&amp;sign=6ba7a9738bca67b90ec3e98064fe204877ecf3ee348b61d7f049cd6f58442e0d\" alt=\"Le 19\u00a0juillet dernier, une jeune femme a \u00e9t\u00e9 victime d\u2019une agression sexuelle lors d\u2019un vol reliant Malte \u00e0 Nantes.\"  \/><\/p>\n<p>                            Le 19\u00a0juillet dernier, une jeune femme a \u00e9t\u00e9 victime d\u2019une agression sexuelle lors d\u2019un vol reliant Malte \u00e0 Nantes. | FRANCK DUBRAY \/ OUEST FRANCE<\/p>\n<p>                            fermer<\/p>\n<ul class=\"su-row su-carrousel-container su-not-list\" data-suswipe=\"{\" rambo=\"\" .carrousel-nav-bas=\"\" .item=\"\">\n<li class=\"su-col-xs-6 su-col-md-24 carrousel-contenu su-carrousel-item\" data-ofvwidth=\"{\" mobileonly=\"\"><img decoding=\"async\" data-ofmaxheight=\"\" class=\"su-media lazyload\" alt=\"Le 19\u00a0juillet dernier, une jeune femme a \u00e9t\u00e9 victime d\u2019une agression sexuelle lors d\u2019un vol reliant Malte \u00e0 Nantes.\" src=\"data:image\/png;base64,iVBORw0KGgoAAAANSUhEUgAAABAAAAAJCAYAAAA7KqwyAAAAGXRFWHRTb2Z0d2FyZQBBZG9iZSBJbWFnZVJlYWR5ccllPAAAABhJREFUeNpi\/P\/\/PwMlgHHUgFEDgAAgwAD+lBrvy+NcxAAAAABJRU5ErkJggg==\" data-oflazyload=\"{&quot;srcset&quot;:&quot;https:\/\/media.ouest-france.fr\/v1\/pictures\/MjAyNjA5OWUxMTAyZTQzZDZlNjk5ZWJhNDI5OGE1ZTEyNDU1N2I?width=320&amp;focuspoint=50%2C25&amp;cropresize=1&amp;client_id=bpeditorial&amp;sign=1cfe913edcac5c09d158f137fa58689f60a67fa126ce40fad63c445b3828a665 320w,https:\/\/media.ouest-france.fr\/v1\/pictures\/MjAyNjA5OWUxMTAyZTQzZDZlNjk5ZWJhNDI5OGE1ZTEyNDU1N2I?width=375&amp;focuspoint=50%2C25&amp;cropresize=1&amp;client_id=bpeditorial&amp;sign=7d82c1eade0f74f7f4800b2169d409d7d4a7c585798caa6c5547cae0d97ae79e 360w,https:\/\/media.ouest-france.fr\/v1\/pictures\/MjAyNjA5OWUxMTAyZTQzZDZlNjk5ZWJhNDI5OGE1ZTEyNDU1N2I?width=480&amp;focuspoint=50%2C25&amp;cropresize=1&amp;client_id=bpeditorial&amp;sign=0f83c2203d1f20a0c8941822ec651ef5f15e1a24c35e987cac7a5cc88e73abc2 480w,https:\/\/media.ouest-france.fr\/v1\/pictures\/MjAyNjA5OWUxMTAyZTQzZDZlNjk5ZWJhNDI5OGE1ZTEyNDU1N2I?width=630&amp;focuspoint=50%2C25&amp;cropresize=1&amp;client_id=bpeditorial&amp;sign=6c053a2a5de9fac0a6bdfebed8525ee2bc947cd57b357c09927309fc9173a32d 630w,https:\/\/media.ouest-france.fr\/v1\/pictures\/MjAyNjA5OWUxMTAyZTQzZDZlNjk5ZWJhNDI5OGE1ZTEyNDU1N2I?width=940&amp;focuspoint=50%2C25&amp;cropresize=1&amp;client_id=bpeditorial&amp;sign=df2aeb8356ba8b51143a709e504b92e50dd58176872ca2e6684decd375f59a19 940w,https:\/\/media.ouest-france.fr\/v1\/pictures\/MjAyNjA5OWUxMTAyZTQzZDZlNjk5ZWJhNDI5OGE1ZTEyNDU1N2I?width=1260&amp;focuspoint=50%2C25&amp;cropresize=1&amp;client_id=bpeditorial&amp;sign=5da98cf76e0425ee9592ac5330200044f93600604664d1985821cda9e8d43fb5 1260w&quot;}\"\/>Le 19\u00a0juillet dernier, une jeune femme a \u00e9t\u00e9 victime d\u2019une agression sexuelle lors d\u2019un vol reliant Malte \u00e0 Nantes. | FRANCK DUBRAY \/ OUEST FRANCE<\/li>\n<\/ul>\n<p data-ofstats-scroll=\"read_depth_10\">L\u2019habitacle d\u2019un avion de ligne survolant la M\u00e9diterran\u00e9e n\u2019a rien d\u2019un huis clos ordinaire. C\u2019est pourtant l\u00e0, dans cet espace confin\u00e9, qu\u2019une jeune femme a v\u00e9cu, le 19\u00a0juillet 2026, ce que le parquet de Nantes qualifie aujourd\u2019hui d\u2019agressions sexuelles aggrav\u00e9es.<\/p>\n<p>Le r\u00e9cit qu\u2019elle a livr\u00e9 aux enqu\u00eateurs tient en quelques minutes suspendues. Install\u00e9e au milieu d\u2019une rang\u00e9e de trois si\u00e8ges, dans un avion reliant Malte \u00e0 Nantes, elle s\u2019est soudainement sentie mal. Au point d\u2019avoir la t\u00eate qui tourne et de perdre connaissance. Elle tombe d\u2019abord sur sa tablette. Puis elle s\u2019effondre sur l\u2019\u00e9paule de son voisin de droite, install\u00e9 c\u00f4t\u00e9 couloir. Un inconnu, jusque-l\u00e0 simple passager de la soci\u00e9t\u00e9 Ryanair&#8230;.<\/p>\n<p style=\"text-align: center; background-color: #dbbe4d; padding-top: 5px; padding-bottom: 5px; font-size: 14px;\"><strong>D\u00e9j\u00e0 abonn\u00e9 ? <\/strong><a data-trkartmonet=\"Identification\" data-trk-sipa=\"{\" blockcategory=\"\" paywall=\"\" href=\"http:\/\/www.ouest-france.fr\/login?redirect=https:\/\/www.ouest-france.fr\/faits-divers\/agression-sexuelle\/info-ouest-france-agressions-sexuelles-dans-un-avion-un-passager-ryanair-ralliant-nantes-place-en-detention-provisoire-ca8b027a-a77e-11f1-95a1-d7cb1b3759ac\" rel=\"nofollow noopener\" title=\"Se connecter \u00e0 Ouest-France\" class=\"su-link-light\" target=\"_blank\">Connectez-vous<\/a><\/p>\n<p style=\"text-align: center; padding-top: 15px; padding-bottom: 8px; vertical-align: bottom;\">bloqu\u00e9<strong> Pour lire la suite, abonnez-vous<\/strong><\/p>\n<p style=\"text-align: center;\"><strong>1er mois \u00e0 1\u20ac<\/strong><\/p>\n<p style=\"text-align: center; margin-top: -5px;\">Annulable \u00e0 tout moment<\/p>\n<p style=\"text-align: center;\">\u00a0<\/p>\n<p style=\"text-align: center;\"><a data-ida=\"\" data-trkartmonet=\"Tunnel OF+\" data-trk-sipa=\"{&#010;\" blockcategory=\"\" paywall=\"\" :=\"\" m=\"\" of=\"\" class=\"su-button su-subscription\" data-trk-bloc=\"paywall\" href=\"https:\/\/abonnement.ouest-france.fr\/tunnel\/pack-essentiel-article\/122096117101?int_medium=lien&amp;int_campaign=PWFR0225-OF&amp;int_content=page-article-payant_boutonjaune-paywall&amp;marquesource=OF&amp;rt=https:\/\/www.ouest-france.fr\/faits-divers\/agression-sexuelle\/info-ouest-france-agressions-sexuelles-dans-un-avion-un-passager-ryanair-ralliant-nantes-place-en-detention-provisoire-ca8b027a-a77e-11f1-95a1-d7cb1b3759ac\" rel=\"nofollow noopener\" target=\"_blank\"><strong>Je m&rsquo;abonne<\/strong><\/a><\/p>\n<p style=\"text-align: center; padding-top: 10px; padding-bottom: 10px;\"><img decoding=\"async\" src=\"https:\/\/media.ouest-france.fr\/v1\/fonts\/be7723fcee3f1866f1ce99184077fc6f-carte-bancaire.svg?height=36\" alt=\"CB\"\/>\u00a0\u00a0<img decoding=\"async\" src=\"https:\/\/media.ouest-france.fr\/v1\/fonts\/1819d54c599d8afa64539cfba4ac9dde-rib.svg?height=36\" alt=\"RIB\"\/>\u00a0\u00a0<img decoding=\"async\" src=\"https:\/\/media.ouest-france.fr\/v1\/fonts\/065fc80d7b6a03d14a834c224ce723e1-paypal.svg?height=36\" alt=\"PAYPAL\"\/><\/p>\n","protected":false},"excerpt":{"rendered":"Article premium, R\u00e9serv\u00e9 aux\u00a0abonn\u00e9s Le 19\u00a0juillet, une jeune femme a \u00e9t\u00e9 victime d\u2019un malaise, lors d\u2019un vol reliant&hellip;\n","protected":false},"author":2,"featured_media":1165108,"comment_status":"","ping_status":"","sticky":false,"template":"","format":"standard","meta":{"footnotes":"","_share_on_mastodon":"0"},"categories":[2818],"tags":[1111,74853,11,754,1267,1777,674,118,1011,27,3047,766,12,2636,1072,25,8683,2949],"class_list":["post-1165107","post","type-post","status-publish","format-standard","has-post-thumbnail","category-nantes","tag-actu","tag-actualite-en-continu","tag-actualites","tag-aeroport-de-nantes","tag-agression-sexuelle","tag-eu","tag-europe","tag-faits-divers","tag-fr","tag-france","tag-loire-atlantique","tag-nantes","tag-news","tag-pays-de-la-loire","tag-police","tag-republique-francaise","tag-ryanair","tag-violences"],"share_on_mastodon":{"url":"https:\/\/pubeurope.com\/@fr\/117207642174932340","error":""},"_links":{"self":[{"href":"https:\/\/www.europesays.com\/fr\/wp-json\/wp\/v2\/posts\/1165107","targetHints":{"allow":["GET"]}}],"collection":[{"href":"https:\/\/www.europesays.com\/fr\/wp-json\/wp\/v2\/posts"}],"about":[{"href":"https:\/\/www.europesays.com\/fr\/wp-json\/wp\/v2\/types\/post"}],"author":[{"embeddable":true,"href":"https:\/\/www.europesays.com\/fr\/wp-json\/wp\/v2\/users\/2"}],"replies":[{"embeddable":true,"href":"https:\/\/www.europesays.com\/fr\/wp-json\/wp\/v2\/comments?post=1165107"}],"version-history":[{"count":0,"href":"https:\/\/www.europesays.com\/fr\/wp-json\/wp\/v2\/posts\/1165107\/revisions"}],"wp:featuredmedia":[{"embeddable":true,"href":"https:\/\/www.europesays.com\/fr\/wp-json\/wp\/v2\/media\/1165108"}],"wp:attachment":[{"href":"https:\/\/www.europesays.com\/fr\/wp-json\/wp\/v2\/media?parent=1165107"}],"wp:term":[{"taxonomy":"category","embeddable":true,"href":"https:\/\/www.europesays.com\/fr\/wp-json\/wp\/v2\/categories?post=1165107"},{"taxonomy":"post_tag","embeddable":true,"href":"https:\/\/www.europesays.com\/fr\/wp-json\/wp\/v2\/tags?post=1165107"}],"curies":[{"name":"wp","href":"https:\/\/api.w.org\/{rel}","templated":true}]}}