{"id":1165111,"date":"2026-09-03T14:46:23","date_gmt":"2026-09-03T14:46:23","guid":{"rendered":"https:\/\/www.europesays.com\/fr\/1165111\/"},"modified":"2026-09-03T14:46:23","modified_gmt":"2026-09-03T14:46:23","slug":"toulouse-un-homme-condamne-a-4-ans-de-prison-pour-extorsion-avec-arme-sur-des-prostituees-dominicaines","status":"publish","type":"post","link":"https:\/\/www.europesays.com\/fr\/1165111\/","title":{"rendered":"Toulouse : un homme condamn\u00e9 \u00e0 4 ans de prison pour extorsion avec arme sur des prostitu\u00e9es dominicaines"},"content":{"rendered":"<p>\n                                                                    l&rsquo;essentiel<br \/>\n                                                                Un Tunisien de 41 ans a \u00e9t\u00e9 condamn\u00e9 jeudi \u00e0 Toulouse \u00e0 quatre ans de prison, dont trois ferme, pour extorsion avec arme. En mai 2026, il avait menac\u00e9 des prostitu\u00e9es dominicaines avec un couteau pour obtenir des prestations gratuites et voler leurs biens. D\u00e9j\u00e0 incarc\u00e9r\u00e9 pour une autre affaire, il a \u00e9t\u00e9 jug\u00e9 en comparution imm\u00e9diate.\n                            <\/p>\n<p>Au vu de leur activit\u00e9 professionnelle, ce Tunisien de 41 ans s&rsquo;est sans doute dit qu&rsquo;elles ne feraient pas trop de vagues. On peut l&rsquo;affirmer aujourd&rsquo;hui sans ambages : son calcul \u00e9tait erron\u00e9. \u00c0 l&rsquo;issue de sa garde \u00e0 vue, un homme a \u00e9t\u00e9 d\u00e9f\u00e9r\u00e9 devant la justice, ce jeudi, \u00e0 <a href=\"https:\/\/www.ladepeche.fr\/faits-divers\/\" target=\"_self\" rel=\"nofollow noopener\">Toulouse<\/a>, pour y r\u00e9pondre d&rsquo;extorsion avec arme.<\/p>\n<p>\u00ab\u00a0Il exigeait une prestation gratuite\u00a0\u00bb<\/p>\n<p>Les faits remontent au mois de mai 2026. \u00c0 trois reprises, le quadrag\u00e9naire a sollicit\u00e9 les services de prostitu\u00e9es d&rsquo;origine dominicaine dans l&rsquo;appartement qu&rsquo;elles louaient pour dorloter le client. Mais c&rsquo;est \u00e0 chaque fois son couteau qu&rsquo;il exhibait et, semble-t-il, pas par timidit\u00e9.<\/p>\n<p>\u00ab\u00a0Il exigeait une prestation gratuite et sous la menace, les d\u00e9pouillait de leurs valeurs\u00a0\u00bb, r\u00e9sume un connaisseur du dossier. T\u00e9l\u00e9phones et produit des passes changeaient illico de main. Les jeunes femmes \u00e9chaud\u00e9es ont port\u00e9 plainte et au terme des investigations polici\u00e8res, le suspect a \u00e9t\u00e9 identifi\u00e9.<\/p>\n<p>En prison pour une autre affaire<\/p>\n<p>\u00ab\u00a0Il se trouvait derri\u00e8re les barreaux \u00e0 la prison de Seysses, pour une autre affaire\u00a0\u00bb, r\u00e9v\u00e8le notre source. Extrait de sa cellule pour s&rsquo;expliquer, il a \u00e9t\u00e9 d\u00e9f\u00e9r\u00e9 devant le tribunal correctionnel, pour y \u00eatre jug\u00e9 dans le cadre des comparutions imm\u00e9diates.<\/p>\n<p class=\"std-elt__inline\">\n        <strong>\u00c0 lire aussi :<\/strong><br \/>\n        <a href=\"https:\/\/www.ladepeche.fr\/2026\/07\/25\/il-ma-fait-venir-en-france-puis-ma-piegee-hector-surnomme-cash-money-a-t-il-prostitue-son-ex-compagne-venue-tout-droit-de-republique-dominicaine-13482492.php\" rel=\"nofollow noopener\" target=\"_blank\">\u00a0\u00bb Il m&rsquo;a fait venir en France puis m&rsquo;a pi\u00e9g\u00e9e\u00a0\u00bb : Hector, surnomm\u00e9 \u00ab\u00a0Cash Money\u00a0\u00bb, a-t-il prostitu\u00e9 son ex-compagne venue tout droit de R\u00e9publique dominicaine ?<\/a>\n    <\/p>\n<p>Dans le box, cet ancien chauffeur de bus arbore un torse muscl\u00e9 dans son tee-shirt noir. D\u00e9fendu par Me S\u00e9verine Dutreich, il porte la barbe et une minerve. \u00ab\u00a0Vous avez d\u00e9j\u00e0 \u00e9t\u00e9 inqui\u00e9t\u00e9 pour une affaire similaire. On vous a interpell\u00e9 avec des armes&#8230;\u00a0\u00bb, rel\u00e8ve le pr\u00e9sident d&rsquo;audience, en consultant sa pr\u00e9c\u00e9dente peine \u00e0 cinq mois de prison. Le pr\u00e9venu, lui, ne se \u00ab\u00a0rappelle de rien\u00a0\u00bb. Le procureur requiert trois ans de prison.<\/p>\n<p>Trois ans ferme<\/p>\n<p>Au terme de son d\u00e9lib\u00e9r\u00e9, le quadrag\u00e9naire a \u00e9t\u00e9 condamn\u00e9 \u00e0 quatre ans de prison dont trois ferme avec mandat de d\u00e9p\u00f4t. Le reliquat est assorti d&rsquo;un sursis probatoire. D\u00e9tail \u00e9tonnant : sans cette nouvelle condamnation, le pr\u00e9venu devait sortir de prison&#8230; lundi prochain.<\/p>\n","protected":false},"excerpt":{"rendered":"l&rsquo;essentiel Un Tunisien de 41 ans a \u00e9t\u00e9 condamn\u00e9 jeudi \u00e0 Toulouse \u00e0 quatre ans de prison, dont&hellip;\n","protected":false},"author":2,"featured_media":1165112,"comment_status":"","ping_status":"","sticky":false,"template":"","format":"standard","meta":{"footnotes":"","_share_on_mastodon":"0"},"categories":[2816],"tags":[1111,11,1777,674,118,1011,27,2722,12,2680,25,2312],"class_list":["post-1165111","post","type-post","status-publish","format-standard","has-post-thumbnail","category-toulouse","tag-actu","tag-actualites","tag-eu","tag-europe","tag-faits-divers","tag-fr","tag-france","tag-haute-garonne","tag-news","tag-occitanie","tag-republique-francaise","tag-toulouse"],"share_on_mastodon":{"url":"https:\/\/pubeurope.com\/@fr\/117207655063927406","error":""},"_links":{"self":[{"href":"https:\/\/www.europesays.com\/fr\/wp-json\/wp\/v2\/posts\/1165111","targetHints":{"allow":["GET"]}}],"collection":[{"href":"https:\/\/www.europesays.com\/fr\/wp-json\/wp\/v2\/posts"}],"about":[{"href":"https:\/\/www.europesays.com\/fr\/wp-json\/wp\/v2\/types\/post"}],"author":[{"embeddable":true,"href":"https:\/\/www.europesays.com\/fr\/wp-json\/wp\/v2\/users\/2"}],"replies":[{"embeddable":true,"href":"https:\/\/www.europesays.com\/fr\/wp-json\/wp\/v2\/comments?post=1165111"}],"version-history":[{"count":0,"href":"https:\/\/www.europesays.com\/fr\/wp-json\/wp\/v2\/posts\/1165111\/revisions"}],"wp:featuredmedia":[{"embeddable":true,"href":"https:\/\/www.europesays.com\/fr\/wp-json\/wp\/v2\/media\/1165112"}],"wp:attachment":[{"href":"https:\/\/www.europesays.com\/fr\/wp-json\/wp\/v2\/media?parent=1165111"}],"wp:term":[{"taxonomy":"category","embeddable":true,"href":"https:\/\/www.europesays.com\/fr\/wp-json\/wp\/v2\/categories?post=1165111"},{"taxonomy":"post_tag","embeddable":true,"href":"https:\/\/www.europesays.com\/fr\/wp-json\/wp\/v2\/tags?post=1165111"}],"curies":[{"name":"wp","href":"https:\/\/api.w.org\/{rel}","templated":true}]}}