{"id":116514,"date":"2025-05-21T09:29:11","date_gmt":"2025-05-21T09:29:11","guid":{"rendered":"https:\/\/www.europesays.com\/fr\/116514\/"},"modified":"2025-05-21T09:29:11","modified_gmt":"2025-05-21T09:29:11","slug":"faites-4h-de-benevolat-et-obtenez-une-place-de-concert-avec-black-eyes-peas-et-adele-castillon","status":"publish","type":"post","link":"https:\/\/www.europesays.com\/fr\/116514\/","title":{"rendered":"faites 4h de b\u00e9n\u00e9volat et obtenez une place de concert avec Black Eyes Peas et Ad\u00e8le Castillon"},"content":{"rendered":"<p>            Par<br \/>\n        <strong><br \/>\n            <a href=\"https:\/\/actu.fr\/auteur\/brian-legoff\" title=\"Consulter tous les articles de Brian Le Goff\" target=\"_blank\" rel=\"noopener\">Brian Le Goff<\/a><br \/>\n        <\/strong><\/p>\n<p>        Publi\u00e9 le<\/p>\n<p>            21 mai 2025 \u00e0 10h36        <\/p>\n<p><strong>De retour en 2025<\/strong>, l\u2019Ibis Rock Corps consiste \u00e0<strong> donner 4 heures de son temps<\/strong> pour du b\u00e9n\u00e9volat dans une association<strong> contre une place de concert<\/strong> \u00e0 l\u2019Accor Arena \u00e0 Paris, le mercredi 9 juillet, avec Black Eyes Peas, Ad\u00e8les Castillon, GUY2BEZBAR et Karima Charni et Dj Bens \u00e0 l\u2019animation du show. \u00c0 <a href=\"https:\/\/actu.fr\/rennes\/\" target=\"_blank\" rel=\"noopener\">Rennes<\/a>, tu as plus de 16 ans, tu peux encore <strong>t\u2019inscrire<\/strong> pour une des <strong>deux missions disponibles<\/strong> ces 23 et 24 mai 2025.<\/p>\n<p class=\" wall-content\"><a href=\"https:\/\/www.instagram.com\/p\/DHlT4Osi2TH\/embed\" title=\"Ouvrir le lien sur Instagram\" target=\"_blank\" rel=\"noopener\">Visualiser le contenu sur Instagram<\/a><\/p>\n<p>Nettoyer et repeindre des camions<\/p>\n<p class=\" wall-content\">La premi\u00e8re, <strong>vendredi 23 mai, \u00e0 9 h 30, au 169, rue de Lorient,<\/strong> se fera aux c\u00f4t\u00e9s des <a href=\"https:\/\/actu.fr\/tag\/restos-du-coeur\" target=\"_blank\" rel=\"noopener\">Restos du C\u0153ur<\/a> avec l\u2019objectif de nettoyer et de peindre des camions utilis\u00e9s pour les collectes et les distributions et de <strong>peindre aussi sur toiles pour embellir le local<\/strong> de l\u2019association.<\/p>\n<p>Ramasser des m\u00e9gots<\/p>\n<p class=\" wall-content\">La seconde action possible se d\u00e9roulera <strong>samedi 24 mai \u00e0 14 h, place de la Mairie<\/strong>. Dans le cadre du M\u00e9gothon 2025, tu participes \u00e0 d\u00e9polluer les rues et les parcs de la ville en ramassant les m\u00e9gots de cigarettes et en \u00e9tant sensibilis\u00e9 \u00e0 leur impact environnemental.<\/p>\n<p>H\u00e9bergement pris en charge<\/p>\n<p class=\" wall-content\">Pour la nuit du concert, ton <strong>h\u00e9bergement sera \u00e9galement assur\u00e9 gratuitement<\/strong> dans un des h\u00f4tels Ibis.<\/p>\n<p>Inscription sur <a href=\"https:\/\/ibisrockcorps.fr\/\" target=\"_blank\" rel=\"noopener\">ibisrockcorps.fr<\/a>.Vid\u00e9os : en ce moment sur Actu<\/p>\n<p class=\" wall-content\">Suivez toute l\u2019actualit\u00e9 de vos villes et m\u00e9dias favoris en vous inscrivant \u00e0 <a href=\"https:\/\/moncompte.actu.fr\" title=\"D\u00e9couvez Mon Actu\" rel=\"nofollow noopener\" data-trk=\"{&quot;cta&quot;:{&quot;action&quot;:&quot;https:\\\/\\\/moncompte.actu.fr&quot;,&quot;category&quot;:&quot;mon compte&quot;,&quot;from&quot;:&quot;article footer&quot;,&quot;name&quot;:&quot;Mon actu&quot;,&quot;type&quot;:&quot;cta&quot;}}\" target=\"_blank\">Mon Actu<\/a>.<\/p>\n<p>                    <script async src=\"\/\/www.instagram.com\/embed.js\"><\/script><\/p>\n","protected":false},"excerpt":{"rendered":"Par Brian Le Goff Publi\u00e9 le 21 mai 2025 \u00e0 10h36 De retour en 2025, l\u2019Ibis Rock Corps&hellip;\n","protected":false},"author":2,"featured_media":116515,"comment_status":"","ping_status":"","sticky":false,"template":"","format":"standard","meta":{"footnotes":""},"categories":[2821],"tags":[1111,11,829,1697,1777,674,1011,27,1652,12,584,25,15710,3400],"class_list":{"0":"post-116514","1":"post","2":"type-post","3":"status-publish","4":"format-standard","5":"has-post-thumbnail","7":"category-rennes","8":"tag-actu","9":"tag-actualites","10":"tag-bretagne","11":"tag-concert","12":"tag-eu","13":"tag-europe","14":"tag-fr","15":"tag-france","16":"tag-loisirs-culture","17":"tag-news","18":"tag-rennes","19":"tag-republique-francaise","20":"tag-restos-du-coeur","21":"tag-solidarite"},"share_on_mastodon":{"url":"https:\/\/pubeurope.com\/@fr\/114545122748129520","error":""},"_links":{"self":[{"href":"https:\/\/www.europesays.com\/fr\/wp-json\/wp\/v2\/posts\/116514","targetHints":{"allow":["GET"]}}],"collection":[{"href":"https:\/\/www.europesays.com\/fr\/wp-json\/wp\/v2\/posts"}],"about":[{"href":"https:\/\/www.europesays.com\/fr\/wp-json\/wp\/v2\/types\/post"}],"author":[{"embeddable":true,"href":"https:\/\/www.europesays.com\/fr\/wp-json\/wp\/v2\/users\/2"}],"replies":[{"embeddable":true,"href":"https:\/\/www.europesays.com\/fr\/wp-json\/wp\/v2\/comments?post=116514"}],"version-history":[{"count":0,"href":"https:\/\/www.europesays.com\/fr\/wp-json\/wp\/v2\/posts\/116514\/revisions"}],"wp:featuredmedia":[{"embeddable":true,"href":"https:\/\/www.europesays.com\/fr\/wp-json\/wp\/v2\/media\/116515"}],"wp:attachment":[{"href":"https:\/\/www.europesays.com\/fr\/wp-json\/wp\/v2\/media?parent=116514"}],"wp:term":[{"taxonomy":"category","embeddable":true,"href":"https:\/\/www.europesays.com\/fr\/wp-json\/wp\/v2\/categories?post=116514"},{"taxonomy":"post_tag","embeddable":true,"href":"https:\/\/www.europesays.com\/fr\/wp-json\/wp\/v2\/tags?post=116514"}],"curies":[{"name":"wp","href":"https:\/\/api.w.org\/{rel}","templated":true}]}}