{"id":1165161,"date":"2026-09-03T15:44:16","date_gmt":"2026-09-03T15:44:16","guid":{"rendered":"https:\/\/www.europesays.com\/fr\/1165161\/"},"modified":"2026-09-03T15:44:16","modified_gmt":"2026-09-03T15:44:16","slug":"les-jeunes-communistes-solidaires-avec-les-etudiants-a-toulon","status":"publish","type":"post","link":"https:\/\/www.europesays.com\/fr\/1165161\/","title":{"rendered":"Les Jeunes communistes solidaires avec les \u00e9tudiants \u00e0 Toulon"},"content":{"rendered":"\n<p>\u00c0 l\u2019issue de cette initiative, le mat\u00e9riel collect\u00e9 a \u00e9t\u00e9 transmis \u00e0 la F\u00e9d\u00e9ration du Var du Secours populaire. \u00ab\u00a0Nous sommes mobilis\u00e9s pour r\u00e9pondre \u00e0 l\u2019urgence sociale avec une inflation qui continue d\u2019impacter les prix des fournitures de plus de 2% et de l\u2019alimentation\u00a0\u00bb, pr\u00e9cisent-ils, en mettant \u00e9galement en avant les 10\u00a0000\u00a0\u00e9tudiants de la r\u00e9gion toulonnaise qui p\u00e2tissent en plus de loyers en forte augmentation et de logements \u00e9tudiants en trop faible nombre.<\/p>\n","protected":false},"excerpt":{"rendered":"\u00c0 l\u2019issue de cette initiative, le mat\u00e9riel collect\u00e9 a \u00e9t\u00e9 transmis \u00e0 la F\u00e9d\u00e9ration du Var du Secours&hellip;\n","protected":false},"author":2,"featured_media":1165162,"comment_status":"","ping_status":"","sticky":false,"template":"","format":"standard","meta":{"footnotes":"","_share_on_mastodon":"0"},"categories":[9619],"tags":[1111,11,13150,1777,674,1011,27,12,882,25,2310],"class_list":["post-1165161","post","type-post","status-publish","format-standard","has-post-thumbnail","category-toulon","tag-actu","tag-actualites","tag-communistes","tag-eu","tag-europe","tag-fr","tag-france","tag-news","tag-provence-alpes-cote-dazur","tag-republique-francaise","tag-toulon"],"share_on_mastodon":{"url":"https:\/\/pubeurope.com\/@fr\/117207882974498835","error":""},"_links":{"self":[{"href":"https:\/\/www.europesays.com\/fr\/wp-json\/wp\/v2\/posts\/1165161","targetHints":{"allow":["GET"]}}],"collection":[{"href":"https:\/\/www.europesays.com\/fr\/wp-json\/wp\/v2\/posts"}],"about":[{"href":"https:\/\/www.europesays.com\/fr\/wp-json\/wp\/v2\/types\/post"}],"author":[{"embeddable":true,"href":"https:\/\/www.europesays.com\/fr\/wp-json\/wp\/v2\/users\/2"}],"replies":[{"embeddable":true,"href":"https:\/\/www.europesays.com\/fr\/wp-json\/wp\/v2\/comments?post=1165161"}],"version-history":[{"count":0,"href":"https:\/\/www.europesays.com\/fr\/wp-json\/wp\/v2\/posts\/1165161\/revisions"}],"wp:featuredmedia":[{"embeddable":true,"href":"https:\/\/www.europesays.com\/fr\/wp-json\/wp\/v2\/media\/1165162"}],"wp:attachment":[{"href":"https:\/\/www.europesays.com\/fr\/wp-json\/wp\/v2\/media?parent=1165161"}],"wp:term":[{"taxonomy":"category","embeddable":true,"href":"https:\/\/www.europesays.com\/fr\/wp-json\/wp\/v2\/categories?post=1165161"},{"taxonomy":"post_tag","embeddable":true,"href":"https:\/\/www.europesays.com\/fr\/wp-json\/wp\/v2\/tags?post=1165161"}],"curies":[{"name":"wp","href":"https:\/\/api.w.org\/{rel}","templated":true}]}}