{"id":116518,"date":"2025-05-21T09:31:20","date_gmt":"2025-05-21T09:31:20","guid":{"rendered":"https:\/\/www.europesays.com\/fr\/116518\/"},"modified":"2025-05-21T09:31:20","modified_gmt":"2025-05-21T09:31:20","slug":"des-parcours-a-velo-pour-redecouvrir-le-rhin-a-25-minutes-de-strasbourg","status":"publish","type":"post","link":"https:\/\/www.europesays.com\/fr\/116518\/","title":{"rendered":"des parcours \u00e0 v\u00e9lo pour (re)d\u00e9couvrir le Rhin \u00e0 25 minutes de Strasbourg !"},"content":{"rendered":"<p><b>\u00c0 Strasbourg, prendre le v\u00e9lo, \u00e7a coule souvent de source\u00a0! Et pour d\u00e9couvrir la r\u00e9gion rh\u00e9nane\u00a0? On peut aussi, gr\u00e2ce \u00e0 l\u2019association franco-allemande Au fil du Rhin et ses parcours interactifs et gratuits \u00e0 faire en famille ou entre ami(e)s. Et le dimanche 25 mai, deux nouveaux jeux de piste \u00ab\u00a0Tr\u00e9sors du Rhin\u00a0\u00bb s\u2019ouvriront \u00e0 Gambsheim lors de la Journ\u00e9e de la Nature, du Patrimoine et de l\u2019Eau. Pour l\u2019occasion\u00a0: des visites et animations gratuites et m\u00eame de la r\u00e9alit\u00e9 virtuelle. R\u00e9serve ta journ\u00e9e, prends ton v\u00e9lo\u00a0: on te fait le topo.<\/b><\/p>\n<p>Ce n\u2019est pas la premi\u00e8re fois que nous te parlons des \u00ab\u00a0Tr\u00e9sors du Rhin\u00a0\u00bb par ici\u2026 <a href=\"https:\/\/pokaa.fr\/2024\/08\/14\/tresors-du-rhin-et-grande-aventure-8-circuits-a-velo-pour-redecouvrir-lalsace-et-sa-nature\/\" target=\"_blank\" rel=\"noopener\">L\u2019\u00e9t\u00e9 pass\u00e9, nous te pr\u00e9sentions les nombreux parcours \u00e0 faire \u00e0 v\u00e9lo, \u00e0 pieds ou m\u00eame \u00e0 cheval (faisables \u00e0 l\u2019ann\u00e9e)<\/a>, imagin\u00e9s sur <b>quatre territoires qui bordent le Rhin<\/b> (le Grand Ried, le Pays de Brisach, Kembs\/Niffer et Strasbourg).<\/p>\n<p>Une d\u00e9marche d\u2019<b>\u00e9cotourisme <\/b>initi\u00e9e d\u00e8s 2020 avec \u00ab\u00a0le Rhin d\u00e9voile ses Tr\u00e9sors\u00a0\u00bb\u00a0: <b>des jeux de pistes num\u00e9riques<\/b> cr\u00e9\u00e9s par <b>l\u2019association franco-allemande \u00ab\u00a0Au fil du Rhin\u00a0\u00bb<\/b>, et soutenu par <b>EDF et VNF<\/b>, des partenaires historiques et impliqu\u00e9s.<\/p>\n<p>L\u2019id\u00e9e\u00a0: <strong>(re)d\u00e9couvrir la r\u00e9gion rh\u00e9nane<\/strong> et les richesses de sa <strong>biodiversit\u00e9<\/strong> \u00e0 son <strong>patrimoine paysager, culturel et naturel<\/strong>\u2026 Du c\u00f4t\u00e9 fran\u00e7ais comme allemand. En faisant d\u00e9couvrir par-l\u00e0 m\u00eame les petits commerces autour, et faire vivre la r\u00e9gion.<\/p>\n<p>                <img width=\"667\" height=\"500\" src=\"https:\/\/www.europesays.com\/fr\/wp-content\/uploads\/2025\/05\/img-4856-scaled-e1723643146261-667x500.jpg\" class=\"attachment-gallery size-gallery\" alt=\"Les Tr\u00e9sors du Rhin\" data-full-url=\"https:\/\/pokaa.fr\/wp-content\/uploads\/2024\/08\/14\/img-4856-1500x1125.jpg\" decoding=\"async\" loading=\"lazy\"  \/>            <\/p>\n<p>                <img width=\"667\" height=\"500\" src=\"https:\/\/www.europesays.com\/fr\/wp-content\/uploads\/2025\/05\/img-4823-scaled-e1723643133766-667x500.jpg\" class=\"attachment-gallery size-gallery\" alt=\"Les Tr\u00e9sors du Rhin\" data-full-url=\"https:\/\/pokaa.fr\/wp-content\/uploads\/2024\/08\/14\/img-4823-1500x1125.jpg\" decoding=\"async\" loading=\"lazy\"  \/>            <\/p>\n<p>                    \u00a9 Les Tr\u00e9sors du Rhin \/ Documents remis<\/p>\n<p>Le<strong> dimanche 25 mai<\/strong>, la<strong> Journ\u00e9e de la Nature, du Patrimoine et de l\u2019Eau<\/strong> fera \u00e0 nouveau le pont entre les deux rives, avec <strong>une journ\u00e9e d\u2019animations et le lancement de deux parcours \u00ab\u00a0Tr\u00e9sors du Rhin\u00a0\u00bb \u00e0 Gambsheim<\/strong>. Bon point\u00a0: si on ne veut pas prendre la voiture, la ville se situe <strong>\u00e0 une vingtaine de minutes en train de Strasbourg<\/strong>\u00a0!<\/p>\n<p>                <a href=\"https:\/\/pokaa.fr\/2024\/08\/14\/tresors-du-rhin-et-grande-aventure-8-circuits-a-velo-pour-redecouvrir-lalsace-et-sa-nature\/\" target=\"_blank\" rel=\"noopener\"><br \/>\n                    <img width=\"450\" height=\"270\" src=\"https:\/\/www.europesays.com\/fr\/wp-content\/uploads\/2025\/05\/img-4856-scaled-e1723643146261-450x270.jpg\" class=\"attachment-card-horizontal--same-subject size-card-horizontal--same-subject wp-post-image\" alt=\"\" decoding=\"async\" loading=\"lazy\"\/>                <\/a><\/p>\n<p>                            Pour (re)d\u00e9couvrir \u00ab\u00a0Tr\u00e9sors du Rhin\u00a0\u00bb :<\/p>\n<p>Une journ\u00e9e conviviale et familiale\u00a0: visites, ateliers et deux nouveaux parcours\u00a0!<\/p>\n<p>Au programme ? Un rendez-vous <b>au pied de la centrale hydro\u00e9lectrique de Gambsheim, de 9h30 \u00e0 17h<\/b>. Avec d\u00e8s 10h\u00a0: des <b>visites<\/b> (en fran\u00e7ais ou en allemand) de ladite <b>centrale<\/b> (sur inscription), de <b>la passe \u00e0 poissons<\/b>\u2026 Et <b>un atelier \u00ab\u00a0La nature vue du ciel\u00a0\u00bb en r\u00e9alit\u00e9 virtuelle<\/b>.<\/p>\n<p><b>D\u00e8s 12h<\/b>, on passe \u00e0 table avec <b>un d\u00e9jeuner musical franco-allemand <\/b>et des <b>sp\u00e9cialit\u00e9s locales<\/b> \u00ab\u00a0servies dans une ambiance festive\u00a0\u00bb. Et <b>\u00e0<\/b><b> 14h et 15h30<\/b>, deux d\u00e9parts pour une <b>balade cont\u00e9e en fran\u00e7ais et en allemand, le long du Rhin<\/b>, et anim\u00e9e par Christine Fischbach.<\/p>\n<p>    <img width=\"800\" height=\"478\" src=\"https:\/\/www.europesays.com\/fr\/wp-content\/uploads\/2025\/05\/au-fil-du-rhin-edf-alsace.jpg\" class=\"attachment-image-size-L size-image-size-L\" alt=\"au-fil-du-rhin-edf-alsace\" decoding=\"async\" loading=\"lazy\"  \/>         Centrale hydro\u00e9lectrique \u00a9 EDF \/ Doc remis <\/p>\n<p>Mais la<strong> Journ\u00e9e de la Nature, du Patrimoine et de l\u2019Eau marquera aussi<\/strong> <strong>le lancement de deux nouveaux parcours transfrontaliers<\/strong><b> \u00e0 Gambsheim<\/b>, qui s\u2019ajoutent \u00e0 ceux de Kembs, Vogelgrun, Rhinau et Strasbourg. Passant ainsi de huit \u00e0 dix parcours. Comme pour les autres, il s\u2019agira d\u2019<b>explorer le territoire environnant, au travers d\u2019\u00e9nigmes et d\u2019histoires immersives<\/b>.<\/p>\n<p><b>Le premier, \u00ab\u00a0L\u2019Aventure d\u2019Arthur et Frieda\u00a0\u00bb, a \u00e9t\u00e9 con\u00e7u pour les familles<\/b>. Ce parcours sous forme de jeu de piste nous emm\u00e8nera \u00ab\u00a0\u00e0 la recherche d\u2019un tr\u00e9sor myst\u00e9rieux symbolisant l\u2019amiti\u00e9 entre les deux pays\u00a0\u00bb.<\/p>\n<p>Sur les pas d\u2019Arthur et Frieda \u2013 deux jeunes cousin(e)s franco-allemand(e)s \u2013, on partira \u00e0 la d\u00e9couverte du <b>Mus\u00e9e de la Batellerie et la p\u00e9niche Cabro \u00e0 Offendorf<\/b>, du <b>port de plaisance de Gambsheim <\/b>et de sa <b>centrale hydro\u00e9lectrique <\/b>et <b>passe \u00e0 poissons<\/b>\u2026 Et du c\u00f4t\u00e9 allemand\u00a0: du <b>port de plaisance de Rheinau <\/b>et son <b>\u00e9glise<\/b>, ainsi que diff\u00e9rentes escales sur la rive droite du Rhin,<b> jusqu\u2019\u00e0 Hausgereut<\/b>.<\/p>\n<p>                <img width=\"375\" height=\"500\" src=\"https:\/\/www.europesays.com\/fr\/wp-content\/uploads\/2025\/05\/photo-velo-scaled-e1723642888682-375x500.jpg\" class=\"attachment-gallery size-gallery\" alt=\"Les Tr\u00e9sors du Rhin\" data-full-url=\"https:\/\/pokaa.fr\/wp-content\/uploads\/2024\/08\/14\/photo-velo-1500x2000.jpg\" decoding=\"async\" loading=\"lazy\"  \/>            <\/p>\n<p>                <img width=\"375\" height=\"500\" src=\"https:\/\/www.europesays.com\/fr\/wp-content\/uploads\/2025\/05\/img-6113-copie-scaled-e1723642902910-375x500.jpg\" class=\"attachment-gallery size-gallery\" alt=\"Les Tr\u00e9sors du Rhin\" data-full-url=\"https:\/\/pokaa.fr\/wp-content\/uploads\/2024\/08\/14\/img-6113-copie-1500x2000.jpg\" decoding=\"async\" loading=\"lazy\"  \/>            <\/p>\n<p>                <img width=\"375\" height=\"500\" src=\"https:\/\/www.europesays.com\/fr\/wp-content\/uploads\/2025\/05\/img-6294-scaled-e1723642917920-375x500.jpg\" class=\"attachment-gallery size-gallery\" alt=\"Les Tr\u00e9sors du Rhin\" data-full-url=\"https:\/\/pokaa.fr\/wp-content\/uploads\/2024\/08\/14\/img-6294-1500x2000.jpg\" decoding=\"async\" loading=\"lazy\"  \/>            <\/p>\n<p>                <img width=\"375\" height=\"500\" src=\"https:\/\/www.europesays.com\/fr\/wp-content\/uploads\/2025\/05\/img-1301-scaled-e1723643042520-375x500.jpg\" class=\"attachment-gallery size-gallery\" alt=\"Les Tr\u00e9sors du Rhin\" data-full-url=\"https:\/\/pokaa.fr\/wp-content\/uploads\/2024\/08\/14\/img-1301-1500x2000.jpg\" decoding=\"async\" loading=\"lazy\"  \/>            <\/p>\n<p>                    \u00a9 Les Tr\u00e9sors du Rhin \/ Documents remis<\/p>\n<p>Tandis que le second \u2013 le <b>parcours cycliste \u00ab\u00a0Les Gardiens du Courant\u00a0\u00bb \u2013<\/b> s\u2019adressera lui, aux passionn\u00e9(e)s d\u2019histoire et de patrimoine naturel. <b>Une aventure inspir\u00e9e d\u2019une l\u00e9gende alsacienne, ponctu\u00e9e d\u2019\u00e9nigmes interactives <\/b>qui nous invitera sur des sites historiques.<\/p>\n<p>On pourra ainsi citer \u2013 entre autres arr\u00eats \u2013 la Chapelle de la Vierge Douloureuse, <b>le bunker <\/b>de la rue de la Dordogne, la <b>centrale hydro\u00e9lectrique et sa passe \u00e0 poissons<\/b> \u00e0 Gambsheim. Et sur la rive allemande\u00a0: le pont frontalier et la borne de la fronti\u00e8re, <b>le port de plaisance de Rheinau<\/b>, le tilleul historique de Hausgereut, et la <b>Nikolauskapelle, <\/b><b>\u00ab\u00a0joyau gothique charg\u00e9 d\u2019histoire\u00a0\u00bb<\/b>.<\/p>\n<p>                <img width=\"375\" height=\"500\" src=\"https:\/\/www.europesays.com\/fr\/wp-content\/uploads\/2025\/05\/eglise-test-scaled-e1723642965842-375x500.jpg\" class=\"attachment-gallery size-gallery\" alt=\"Les Tr\u00e9sors du Rhin\" data-full-url=\"https:\/\/pokaa.fr\/wp-content\/uploads\/2024\/08\/14\/eglise-test-1500x2000.jpg\" decoding=\"async\" loading=\"lazy\"  \/>            <\/p>\n<p>                <img width=\"375\" height=\"500\" src=\"https:\/\/www.europesays.com\/fr\/wp-content\/uploads\/2025\/05\/ferme-scaled-e1723642979564-375x500.jpg\" class=\"attachment-gallery size-gallery\" alt=\"Les Tr\u00e9sors du Rhin\" data-full-url=\"https:\/\/pokaa.fr\/wp-content\/uploads\/2024\/08\/14\/ferme-1500x2000.jpg\" decoding=\"async\" loading=\"lazy\"  \/>            <\/p>\n<p>                    \u00a9 Les Tr\u00e9sors du Rhin \/ Documents remis<\/p>\n<p>\u00c7a te met l\u2019eau \u00e0 la bouche\u00a0? Alors, Rhin de plus simple\u00a0: le<b> dimanche 25 mai<\/b>, embarque famille et ami(e)s\u2026 Et<b> grimpe sur le v\u00e9lo, direction Gambsheim pour La Journ\u00e9e de la Nature, du Patrimoine et de l\u2019Eau !<\/b><\/p>\n<p>            La Journ\u00e9e de la Nature, du Patrimoine et de l\u2019Eau<\/p>\n<p>            Quoi ? <\/p>\n<p>Journ\u00e9e avec animations, visites et parcours interactifs \u00e0 faire \u00e0 v\u00e9lo (ou \u00e0 pieds) autour du Rhin<\/p>\n<p>                Quand ?<\/p>\n<p>Dimanche 25 mai 2025 de 9h30 \u00e0 17h<\/p>\n<p>            o\u00f9 ?<\/p>\n<p>Sur le Parking EDF Cerga \u00e0 Gambsheim<\/p>\n<p>                Plus d&rsquo;infos ?<\/p>\n<p>Acc\u00e8s libre et gratuit<br \/><a href=\"http:\/\/www.tresorsdurhin.fr\/\" target=\"_blank\" rel=\"noopener\">Informations et inscriptions sur Tr\u00e9sors du Rhin<\/a><\/p>\n","protected":false},"excerpt":{"rendered":"\u00c0 Strasbourg, prendre le v\u00e9lo, \u00e7a coule souvent de source\u00a0! Et pour d\u00e9couvrir la r\u00e9gion rh\u00e9nane\u00a0? On peut&hellip;\n","protected":false},"author":2,"featured_media":116519,"comment_status":"","ping_status":"","sticky":false,"template":"","format":"standard","meta":{"footnotes":""},"categories":[2820],"tags":[1111,11,672,23677,23678,1777,674,652,1011,27,775,326,2742,12,25,17735,23679,640,23680,208,4064],"class_list":{"0":"post-116518","1":"post","2":"type-post","3":"status-publish","4":"format-standard","5":"has-post-thumbnail","7":"category-strasbourg","8":"tag-actu","9":"tag-actualites","10":"tag-allemagne","11":"tag-au-fil-du-rhin","12":"tag-ecotourisme","13":"tag-eu","14":"tag-europe","15":"tag-famille","16":"tag-fr","17":"tag-france","18":"tag-grand-est","19":"tag-gratuit","20":"tag-nature","21":"tag-news","22":"tag-republique-francaise","23":"tag-rhin","24":"tag-slow-tourisme","25":"tag-strasbourg","26":"tag-tresors-du-rhin","27":"tag-velo","28":"tag-week-end"},"share_on_mastodon":{"url":"https:\/\/pubeurope.com\/@fr\/114545131057663134","error":""},"_links":{"self":[{"href":"https:\/\/www.europesays.com\/fr\/wp-json\/wp\/v2\/posts\/116518","targetHints":{"allow":["GET"]}}],"collection":[{"href":"https:\/\/www.europesays.com\/fr\/wp-json\/wp\/v2\/posts"}],"about":[{"href":"https:\/\/www.europesays.com\/fr\/wp-json\/wp\/v2\/types\/post"}],"author":[{"embeddable":true,"href":"https:\/\/www.europesays.com\/fr\/wp-json\/wp\/v2\/users\/2"}],"replies":[{"embeddable":true,"href":"https:\/\/www.europesays.com\/fr\/wp-json\/wp\/v2\/comments?post=116518"}],"version-history":[{"count":0,"href":"https:\/\/www.europesays.com\/fr\/wp-json\/wp\/v2\/posts\/116518\/revisions"}],"wp:featuredmedia":[{"embeddable":true,"href":"https:\/\/www.europesays.com\/fr\/wp-json\/wp\/v2\/media\/116519"}],"wp:attachment":[{"href":"https:\/\/www.europesays.com\/fr\/wp-json\/wp\/v2\/media?parent=116518"}],"wp:term":[{"taxonomy":"category","embeddable":true,"href":"https:\/\/www.europesays.com\/fr\/wp-json\/wp\/v2\/categories?post=116518"},{"taxonomy":"post_tag","embeddable":true,"href":"https:\/\/www.europesays.com\/fr\/wp-json\/wp\/v2\/tags?post=116518"}],"curies":[{"name":"wp","href":"https:\/\/api.w.org\/{rel}","templated":true}]}}