{"id":1165181,"date":"2026-09-03T16:05:21","date_gmt":"2026-09-03T16:05:21","guid":{"rendered":"https:\/\/www.europesays.com\/fr\/1165181\/"},"modified":"2026-09-03T16:05:21","modified_gmt":"2026-09-03T16:05:21","slug":"top-14-le-stade-rochelais-avec-tous-ses-internationaux-francais-pour-defier-toulouse","status":"publish","type":"post","link":"https:\/\/www.europesays.com\/fr\/1165181\/","title":{"rendered":"Top 14 : le Stade Rochelais avec tous ses internationaux fran\u00e7ais pour d\u00e9fier Toulouse"},"content":{"rendered":"<p>\n    Le Stade Rochelais accueille le quadruple champion de France en titre toulousain ce dimanche (21h05), en cl\u00f4ture de la premi\u00e8re journ\u00e9e de Top 14.<\/p>\n<p class=\"fig-paragraph\"><a href=\"http:\/\/www.lefigaro.fr\/sports\/rugby\/top-14\/jonathan-danty-se-retrouver-tous-les-jours-dans-son-canape-les-larmes-aux-yeux-20260831\" data-fig-type=\"NewsFlash\" data-gtm-custom-categorie=\"navigation\" data-gtm-custom-action=\"crossclick\" data-gtm-custom-label=\"Contextuel\" data-gtm-event=\"customEventSPE\" data-fig-domain=\"LEFIGARO\" rel=\"nofollow noopener\" target=\"_blank\">La Rochelle<\/a>\u00a0pourra compter sur l&rsquo;ensemble de ses internationaux fran\u00e7ais dont ceux qui ont particip\u00e9 \u00e0 la Nations Cup cet \u00e9t\u00e9 pour la r\u00e9ception de Toulouse,\u00a0<a href=\"http:\/\/www.lefigaro.fr\/sports\/rugby\/top-14\/toulouse-intouchable-vannes-pour-l-exploit-dupont-et-les-stars-etrangeres-au-top-la-saison-de-top-14-en-dix-questions-20260902\" data-fig-type=\"NewsFlash\" data-gtm-custom-categorie=\"navigation\" data-gtm-custom-action=\"crossclick\" data-gtm-custom-label=\"Contextuel\" data-gtm-event=\"customEventSPE\" data-fig-domain=\"LEFIGARO\" rel=\"nofollow noopener\" target=\"_blank\">dimanche en cl\u00f4ture de la 1re journ\u00e9e du Top 14<\/a>.<\/p>\n<p class=\"fig-paragraph\">Nolann Le Garrec, Oscar Jegou et Antoine Hastoy, mais aussi le G\u00e9orgien Davit Niniashvili, qui n&rsquo;ont pas pris part aux deux matches de pr\u00e9paration des Maritimes face \u00e0 Bordeaux-B\u00e8gles et le Munster, seront bien pr\u00e9sents pour d\u00e9fier le quadruple champion de France en titre.<\/p>\n<p>                                            <a class=\"fig-a11y-skip\" href=\"#fig-a11y-skip-main-inarticle\" is=\"fig-a11y-skip\" data-trigger-mode=\"visible-once\"><br \/>\n    Passer la publicit\u00e9<br \/>\n<\/a>            <\/p>\n<p class=\"fig-paragraph\">\u00abC&rsquo;est comme s&rsquo;ils avaient toujours \u00e9t\u00e9 l\u00e0, a d\u00e9clar\u00e9 jeudi en conf\u00e9rence de presse le capitaine rochelais Gr\u00e9gory Alldritt. Ce sont des joueurs qui ont de l&rsquo;exp\u00e9rience, ce n&rsquo;est pas leur premi\u00e8re tourn\u00e9e donc ils savent aborder ce genre de reprise. Physiquement, m\u00eame s&rsquo;ils n&rsquo;ont eu que trois semaines de pr\u00e9-saison, ce ne sont pas des joueurs qui ont besoin de deux mois. Ils seront pr\u00eats\u00bb.<\/p>\n<p class=\"fig-body-link\">\n            \u00c0 lire aussi<br \/>\n        <a class=\"fig-body-link__link fig-premium-mark\" href=\"http:\/\/www.lefigaro.fr\/sports\/rugby\/top-14\/jonathan-danty-se-retrouver-tous-les-jours-dans-son-canape-les-larmes-aux-yeux-20260831\" data-fig-type=\"NewsFlash\" data-gtm-custom-categorie=\"navigation\" data-gtm-custom-action=\"crossclick\" data-gtm-custom-label=\"Contextuel\" data-gtm-event=\"customEventSPE\" data-fig-domain=\"LEFIGARO\" rel=\"nofollow noopener\" target=\"_blank\"><br \/>\n                \u00abSe retrouver tous les jours dans son canap\u00e9, les larmes aux yeux&#8230;\u00bb\u00a0:\u00a0les confidences de Jonathan Danty, ancien centre du XV de France, onze mois apr\u00e8s sa grave blessure<br \/>\n    <\/a>\n<\/p>\n<p>                                            Plusieurs absences au centre<\/p>\n<p class=\"fig-paragraph\">En revanche, le club \u00e0 la caravelle devra se passer de trois de ses centres, Semi Lagivala (doigt), George Moala (bras) et Jules Favre (commotion), et du demi-de-m\u00eal\u00e9e Thomas Berjon (genou). \u00abC&rsquo;est compliqu\u00e9 de r\u00e9pondre pour un timing de retour (concernant Favre et Lagivala, ndlr), a expliqu\u00e9 l&rsquo;entra\u00eeneur des trois-quarts R\u00e9mi Tal\u00e8s. En tout cas, Jules (Favre) va bien, il a bien r\u00e9cup\u00e9r\u00e9. L&rsquo;image (de sa commotion) \u00e9tait assez impressionnante. Semi (Lagivala), c&rsquo;est une fracture. Je ne suis pas m\u00e9decin pour dire quelle sera la dur\u00e9e de son indisponibilit\u00e9.\u00bb<\/p>\n<p class=\"fig-paragraph\">Touch\u00e9 \u00e0 un doigt, l&rsquo;ailier Dillyn Leyds est lui encore incertain pour dimanche. Le centre international Jonathan Danty (genou) se soigne toujours, idem pour le 2e ligne australien Will Skelton (tendon d&rsquo;Achille). Enfin, les recrues sud-africaines Salmaan Moerat (cervicales) et David Kriel (tendon d&rsquo;Achille) sont \u00e9galement convalescentes.<\/p>\n","protected":false},"excerpt":{"rendered":"Le Stade Rochelais accueille le quadruple champion de France en titre toulousain ce dimanche (21h05), en cl\u00f4ture de&hellip;\n","protected":false},"author":2,"featured_media":1165182,"comment_status":"","ping_status":"","sticky":false,"template":"","format":"standard","meta":{"footnotes":"","_share_on_mastodon":"0"},"categories":[2816],"tags":[1111,11,1777,674,1011,27,2217,12,2680,25,476,478,2312],"class_list":["post-1165181","post","type-post","status-publish","format-standard","has-post-thumbnail","category-toulouse","tag-actu","tag-actualites","tag-eu","tag-europe","tag-fr","tag-france","tag-la-rochelle","tag-news","tag-occitanie","tag-republique-francaise","tag-stade-toulousain","tag-top-14","tag-toulouse"],"share_on_mastodon":{"url":"https:\/\/pubeurope.com\/@fr\/117207965771834487","error":""},"_links":{"self":[{"href":"https:\/\/www.europesays.com\/fr\/wp-json\/wp\/v2\/posts\/1165181","targetHints":{"allow":["GET"]}}],"collection":[{"href":"https:\/\/www.europesays.com\/fr\/wp-json\/wp\/v2\/posts"}],"about":[{"href":"https:\/\/www.europesays.com\/fr\/wp-json\/wp\/v2\/types\/post"}],"author":[{"embeddable":true,"href":"https:\/\/www.europesays.com\/fr\/wp-json\/wp\/v2\/users\/2"}],"replies":[{"embeddable":true,"href":"https:\/\/www.europesays.com\/fr\/wp-json\/wp\/v2\/comments?post=1165181"}],"version-history":[{"count":0,"href":"https:\/\/www.europesays.com\/fr\/wp-json\/wp\/v2\/posts\/1165181\/revisions"}],"wp:featuredmedia":[{"embeddable":true,"href":"https:\/\/www.europesays.com\/fr\/wp-json\/wp\/v2\/media\/1165182"}],"wp:attachment":[{"href":"https:\/\/www.europesays.com\/fr\/wp-json\/wp\/v2\/media?parent=1165181"}],"wp:term":[{"taxonomy":"category","embeddable":true,"href":"https:\/\/www.europesays.com\/fr\/wp-json\/wp\/v2\/categories?post=1165181"},{"taxonomy":"post_tag","embeddable":true,"href":"https:\/\/www.europesays.com\/fr\/wp-json\/wp\/v2\/tags?post=1165181"}],"curies":[{"name":"wp","href":"https:\/\/api.w.org\/{rel}","templated":true}]}}