{"id":1165183,"date":"2026-09-03T16:11:23","date_gmt":"2026-09-03T16:11:23","guid":{"rendered":"https:\/\/www.europesays.com\/fr\/1165183\/"},"modified":"2026-09-03T16:11:23","modified_gmt":"2026-09-03T16:11:23","slug":"un-gigantesque-chantier-demarre-pour-changer-le-visage-du-port-de-marseille-voici-a-quoi-ca-va-ressembler","status":"publish","type":"post","link":"https:\/\/www.europesays.com\/fr\/1165183\/","title":{"rendered":"Un gigantesque chantier d\u00e9marre pour changer le visage du port de Marseille, voici \u00e0 quoi \u00e7a va ressembler"},"content":{"rendered":"<p>                    Par<br \/>\n        <strong><br \/>\n            <a href=\"https:\/\/actu.fr\/auteur\/fabien-binacchi\" title=\"Consulter tous les articles de Fabien Binacchi\" rel=\"nofollow noopener\" target=\"_blank\">Fabien Binacchi<\/a><br \/>\n                    <\/strong><\/p>\n<p>        Publi\u00e9 le<\/p>\n<p>            3 sept. 2026 \u00e0 17h20        <\/p>\n<p>C\u2019est parti pour plusieurs ann\u00e9es d\u2019un chantier XXL avec la promesse de rouvrir (un peu) le <a href=\"https:\/\/actu.fr\/tag\/port-de-marseille-fos\" rel=\"nofollow noopener\" target=\"_blank\">Grand port maritime de Marseille-Fos (GPMM)<\/a> sur la ville. Dans le 2e arrondissement, face \u00e0 la place de <a href=\"https:\/\/actu.fr\/tag\/la-joliette\" rel=\"nofollow noopener\" target=\"_blank\">la Joliette,<\/a> la perspective vers la mer doit changer avec <strong>la modernisation et l\u2019ouverture au public de b\u00e2timents historiques.<\/strong> Voici \u00e0 quoi \u00e7a va ressembler.<\/p>\n<p>Des restaurants offrant un panorama in\u00e9dit<\/p>\n<p class=\" wall-content\">Le grand ramdam est lanc\u00e9 avec grues et norias de camions. Depuis quelques jours, les halles J0, les plus anciennes, qui jouxtent le centre commercial des Terrasses du port, sont en travaux. La <strong>structure m\u00e9tallique<\/strong> de ces immenses b\u00e2timents, inaugur\u00e9s en 1894 par la compagnie \u00e0 l\u2019origine des\u00a0ascenseurs de la tour Eiffel, a \u00e9t\u00e9 mise \u00e0 nu.<\/p>\n<p>    <img   decoding=\"async\" loading=\"lazy\" src=\"https:\/\/www.europesays.com\/fr\/wp-content\/uploads\/2026\/09\/port-marseille-rtm-960x640.jpeg\" alt=\"travaux port marseille J0\" width=\"960\" height=\"640\"\/><br \/>\n    La structure m\u00e9tallique des b\u00e2timents est mise \u00e0 nu. (\u00a9Fabien Binacchi \/ actu Marseille)<\/p>\n<p class=\" wall-content\">Le GPMM y am\u00e9nagera son futur si\u00e8ge social mais y promet aussi <strong>\u00ab\u2009des parcours pi\u00e9tons, des espaces publics g\u00e9n\u00e9reux et une ouverture renouvel\u00e9e sur la mer\u2009\u00bb.<\/strong> Le tout avec des espaces privatisables et des restaurants offrant un panorama in\u00e9dit.<\/p>\n<p>    <img   decoding=\"async\" loading=\"lazy\" src=\"https:\/\/www.europesays.com\/fr\/wp-content\/uploads\/2026\/09\/whatsapp-image-2026-09-03-at-170108-2-960x640.jpeg\" alt=\"grand port Marseille projet\" width=\"960\" height=\"640\"\/><br \/>\n    De larges espaces seront ouverts au publics avec, notamment, des restaurants. (\u00a9Golem Images)Un port \u00ab\u2009accessible \u00e0 tous\u2009\u00bb<\/p>\n<p class=\" wall-content\">Les visuels livr\u00e9s sont sans \u00e9quivoque\u2009: fini les interminables grilles blanches qui longent les installations du port de commerce. \u00c0 cet endroit-l\u00e0, la circulation sera libre avec un acc\u00e8s au quai pour s\u2019avancer dans le bassin et profiter d\u2019une vue sur <a href=\"https:\/\/actu.fr\/provence-alpes-cote-d-azur\/marseille_13055\/une-vue-inedite-ce-lieu-emblematique-de-marseille-ferme-plus-de-20-ans-au-public-rouvre-ses-portes_64514087.html\" rel=\"nofollow noopener\" target=\"_blank\">la Digue du large.<\/a><\/p>\n<p class=\" wall-content\">Dans le d\u00e9tail, les nouveaux am\u00e9nagements s\u2019organiseront autour \u00ab\u2009d\u2019une nouvelle voirie qui fluidifie les connexions entre la Joliette, le boulevard du Littoral et les quais Ouest et de deux grands axes pi\u00e9tons\u2009: la re-cr\u00e9ation de la traverse historique de la Joliette, et une diagonale prolongeant la digue jusqu\u2019aux Terrasses du Port, afin de r\u00e9tablir une continuit\u00e9 de promenade urbaine et portuaire\u2009\u00bb, disent les responsables du projet baptis\u00e9 \u00ab\u2009Le Phare\u2009\u00bb.<\/p>\n<blockquote class=\"ac-article-quote wall-content\">\n<p>Le Port affirme une ambition collective : celle d\u2019un port ouvert sur la Ville, accessible \u00e0 tous, et pleinement int\u00e9gr\u00e9 dans le quotidien des Marseillais.<\/p>\n<p>    <strong>Christophe Castaner<\/strong><br \/>\n        Pr\u00e9sident du conseil de surveillance du Port    <\/p><\/blockquote>\n<p class=\" wall-content\">Ce chantier \u00e0 <strong>120\u00a0millions d\u2019euros<\/strong> se d\u00e9coupera en deux phases. Le si\u00e8ge du GPMM devrait \u00eatre livr\u00e9 en mars\u00a02028, si tout va bien, pour ses salari\u00e9s. Les premiers espaces publics, eux, sont attendus en 2029 avant une livraison finale courant 2030.<\/p>\n<p class=\" wall-content\">Personnalisez votre actualit\u00e9 en ajoutant vos villes et m\u00e9dias en favori avec <a href=\"https:\/\/moncompte.actu.fr\" title=\"D\u00e9couvez Mon Actu\" rel=\"nofollow noopener\" data-trk=\"{&quot;cta&quot;:{&quot;action&quot;:&quot;https:\\\/\\\/moncompte.actu.fr&quot;,&quot;category&quot;:&quot;mon compte&quot;,&quot;from&quot;:&quot;article footer&quot;,&quot;name&quot;:&quot;Mon actu&quot;,&quot;type&quot;:&quot;cta&quot;}}\" target=\"_blank\">Mon Actu<\/a>.<\/p>\n","protected":false},"excerpt":{"rendered":"Par Fabien Binacchi Publi\u00e9 le 3 sept. 2026 \u00e0 17h20 C\u2019est parti pour plusieurs ann\u00e9es d\u2019un chantier XXL&hellip;\n","protected":false},"author":2,"featured_media":1165184,"comment_status":"","ping_status":"","sticky":false,"template":"","format":"standard","meta":{"footnotes":"","_share_on_mastodon":"0"},"categories":[2814],"tags":[1111,11,1777,674,1011,27,884,12,26839,882,25,104,2086],"class_list":["post-1165183","post","type-post","status-publish","format-standard","has-post-thumbnail","category-marseille","tag-actu","tag-actualites","tag-eu","tag-europe","tag-fr","tag-france","tag-marseille","tag-news","tag-port-de-marseille-fos","tag-provence-alpes-cote-dazur","tag-republique-francaise","tag-societe","tag-travaux"],"share_on_mastodon":{"url":"https:\/\/pubeurope.com\/@fr\/117207992020398394","error":""},"_links":{"self":[{"href":"https:\/\/www.europesays.com\/fr\/wp-json\/wp\/v2\/posts\/1165183","targetHints":{"allow":["GET"]}}],"collection":[{"href":"https:\/\/www.europesays.com\/fr\/wp-json\/wp\/v2\/posts"}],"about":[{"href":"https:\/\/www.europesays.com\/fr\/wp-json\/wp\/v2\/types\/post"}],"author":[{"embeddable":true,"href":"https:\/\/www.europesays.com\/fr\/wp-json\/wp\/v2\/users\/2"}],"replies":[{"embeddable":true,"href":"https:\/\/www.europesays.com\/fr\/wp-json\/wp\/v2\/comments?post=1165183"}],"version-history":[{"count":0,"href":"https:\/\/www.europesays.com\/fr\/wp-json\/wp\/v2\/posts\/1165183\/revisions"}],"wp:featuredmedia":[{"embeddable":true,"href":"https:\/\/www.europesays.com\/fr\/wp-json\/wp\/v2\/media\/1165184"}],"wp:attachment":[{"href":"https:\/\/www.europesays.com\/fr\/wp-json\/wp\/v2\/media?parent=1165183"}],"wp:term":[{"taxonomy":"category","embeddable":true,"href":"https:\/\/www.europesays.com\/fr\/wp-json\/wp\/v2\/categories?post=1165183"},{"taxonomy":"post_tag","embeddable":true,"href":"https:\/\/www.europesays.com\/fr\/wp-json\/wp\/v2\/tags?post=1165183"}],"curies":[{"name":"wp","href":"https:\/\/api.w.org\/{rel}","templated":true}]}}