{"id":1165185,"date":"2026-09-03T16:12:27","date_gmt":"2026-09-03T16:12:27","guid":{"rendered":"https:\/\/www.europesays.com\/fr\/1165185\/"},"modified":"2026-09-03T16:12:27","modified_gmt":"2026-09-03T16:12:27","slug":"cette-star-incontournable-des-annees-2000-debarque-a-marseille-pour-un-concert-exclusif","status":"publish","type":"post","link":"https:\/\/www.europesays.com\/fr\/1165185\/","title":{"rendered":"Cette star incontournable des ann\u00e9es 2000 d\u00e9barque \u00e0 Marseille pour un concert exclusif"},"content":{"rendered":"<p>                    Par<br \/>\n        <strong><br \/>\n            <a href=\"https:\/\/actu.fr\/auteur\/melanie-faure\" title=\"Consulter tous les articles de Melanie Faure\" rel=\"nofollow noopener\" target=\"_blank\">Melanie Faure<\/a><br \/>\n                    <\/strong><\/p>\n<p>        Publi\u00e9 le<\/p>\n<p>            3 sept. 2026 \u00e0 17h33        <\/p>\n<p>Si l\u2019on vous dit \u00ab\u2009Donne mon ton c\u0153ur baby\u2009\u00bb, avez-vous devin\u00e9 \u00e0 qui appartiennent ces c\u00e9l\u00e8bres paroles\u2009? <strong>Oui, il s\u2019agit bel et bien du chanteur K. Maro.<\/strong> Et bonne nouvelle pour les fans de la star des ann\u00e9es 2000\u2009: elle d\u00e9barque \u00e0 <a href=\"https:\/\/actu.fr\/marseille\/\" rel=\"nofollow noopener\" target=\"_blank\">Marseille<\/a>\u2009!<\/p>\n<p class=\" wall-content\">actu Marseille vous dit tout sur sa venue dans la cit\u00e9 phoc\u00e9enne.<\/p>\n<p>Du RnB \u00e0 l\u2019\u00e9lectro<\/p>\n<p class=\" wall-content\">L\u2019artiste donnera un concert le 10\u00a0mars 2027 dans le 6e arrondissement de Marseille\u2009: <strong>K. Maro s\u2019offre l\u2019Espace Julien. <\/strong>Il interpr\u00e9tera ses tubes Femme Like You, Histoire De Luv, Crazy et surtout ses derniers titres\u2009: Feeling\u00a0et R\u00eaver mieux, dont les clips sont sortis fin 2025.<\/p>\n<p class=\" wall-content\">C\u2019est au m\u00eame moment qu\u2019il sort Place de Lor\u00e9ane Vol 1, son premier album solo depuis 10\u00a0ans. Il livre un nouveau style plus \u00e9lectro, loin de sa musique RnB avec lequel la star de 46\u00a0ans s\u2019est fait conna\u00eetre. Les billets sont d\u2019ores et d\u00e9j\u00e0 en vente sur <a href=\"https:\/\/adamconcerts.com\/k-maro-64784\/\" rel=\"nofollow noopener\" target=\"_blank\">le site de la salle de spectacles<\/a> et dans les points de vente habituels, <strong>\u00e0 partir de 30\u00a0euros<\/strong>.<\/p>\n<p>    <a href=\"https:\/\/www.facebook.com\/plugins\/post.php?href=https%3A%2F%2Fwww.facebook.com%2Fespacejulienmarseille%2Fposts%2Fpfbid02FDVV3vqssMJkyk2iFjG4vzeiAvKqjkhRb2woVvQLzHcmUbdJbVLYTpqaQwCnoAo9l&amp;show_text=true&amp;width=350\" title=\"Ouvrie le lien\" rel=\"nofollow noopener\" target=\"_blank\">Cliquez ici pour visualiser le contenu<\/a><\/p>\n<p>De Lille \u00e0 Marseille<\/p>\n<p class=\" wall-content\">\u00ab\u2009H\u00e2te de vous retrouver sur sc\u00e8ne en 2027\u2009\u00bb, a c\u00e9l\u00e9br\u00e9 l\u2019artiste sur son compte Instagram.<\/p>\n<p class=\" wall-content\">Ce concert s\u2019inscrit dans <strong>une tourn\u00e9e de l\u2019artiste en France <\/strong>avec un crochet par la Belgique. Il sera \u00e0 Lille le 4\u00a0mars, \u00e0 Bruxelles le 5\u00a0mars, \u00e0 Paris le 6\u00a0mars, \u00e0 Lyon le 9\u00a0mars, puis \u00e0 Toulouse le 11\u00a0mars et Bordeaux le 12\u00a0mars, date ultime.<\/p>\n<p class=\" wall-content\">Personnalisez votre actualit\u00e9 en ajoutant vos villes et m\u00e9dias en favori avec <a href=\"https:\/\/moncompte.actu.fr\" title=\"D\u00e9couvez Mon Actu\" rel=\"nofollow noopener\" data-trk=\"{&quot;cta&quot;:{&quot;action&quot;:&quot;https:\\\/\\\/moncompte.actu.fr&quot;,&quot;category&quot;:&quot;mon compte&quot;,&quot;from&quot;:&quot;article footer&quot;,&quot;name&quot;:&quot;Mon actu&quot;,&quot;type&quot;:&quot;cta&quot;}}\" target=\"_blank\">Mon Actu<\/a>.<\/p>\n","protected":false},"excerpt":{"rendered":"Par Melanie Faure Publi\u00e9 le 3 sept. 2026 \u00e0 17h33 Si l\u2019on vous dit \u00ab\u2009Donne mon ton c\u0153ur&hellip;\n","protected":false},"author":2,"featured_media":1165186,"comment_status":"","ping_status":"","sticky":false,"template":"","format":"standard","meta":{"footnotes":"","_share_on_mastodon":"0"},"categories":[2814],"tags":[1111,11,1697,1777,674,1011,27,884,12,882,25,104],"class_list":["post-1165185","post","type-post","status-publish","format-standard","has-post-thumbnail","category-marseille","tag-actu","tag-actualites","tag-concert","tag-eu","tag-europe","tag-fr","tag-france","tag-marseille","tag-news","tag-provence-alpes-cote-dazur","tag-republique-francaise","tag-societe"],"share_on_mastodon":{"url":"https:\/\/pubeurope.com\/@fr\/117207993360959011","error":""},"_links":{"self":[{"href":"https:\/\/www.europesays.com\/fr\/wp-json\/wp\/v2\/posts\/1165185","targetHints":{"allow":["GET"]}}],"collection":[{"href":"https:\/\/www.europesays.com\/fr\/wp-json\/wp\/v2\/posts"}],"about":[{"href":"https:\/\/www.europesays.com\/fr\/wp-json\/wp\/v2\/types\/post"}],"author":[{"embeddable":true,"href":"https:\/\/www.europesays.com\/fr\/wp-json\/wp\/v2\/users\/2"}],"replies":[{"embeddable":true,"href":"https:\/\/www.europesays.com\/fr\/wp-json\/wp\/v2\/comments?post=1165185"}],"version-history":[{"count":0,"href":"https:\/\/www.europesays.com\/fr\/wp-json\/wp\/v2\/posts\/1165185\/revisions"}],"wp:featuredmedia":[{"embeddable":true,"href":"https:\/\/www.europesays.com\/fr\/wp-json\/wp\/v2\/media\/1165186"}],"wp:attachment":[{"href":"https:\/\/www.europesays.com\/fr\/wp-json\/wp\/v2\/media?parent=1165185"}],"wp:term":[{"taxonomy":"category","embeddable":true,"href":"https:\/\/www.europesays.com\/fr\/wp-json\/wp\/v2\/categories?post=1165185"},{"taxonomy":"post_tag","embeddable":true,"href":"https:\/\/www.europesays.com\/fr\/wp-json\/wp\/v2\/tags?post=1165185"}],"curies":[{"name":"wp","href":"https:\/\/api.w.org\/{rel}","templated":true}]}}