{"id":1165201,"date":"2026-09-03T16:24:21","date_gmt":"2026-09-03T16:24:21","guid":{"rendered":"https:\/\/www.europesays.com\/fr\/1165201\/"},"modified":"2026-09-03T16:24:21","modified_gmt":"2026-09-03T16:24:21","slug":"ils-preparent-activement-des-actions-le-renseignement-danois-evoque-la-possibilite-de-sabotages-russes","status":"publish","type":"post","link":"https:\/\/www.europesays.com\/fr\/1165201\/","title":{"rendered":"\u00ab\u00a0Ils pr\u00e9parent activement des actions\u00a0\u00bb : le renseignement danois \u00e9voque la possibilit\u00e9 de sabotages russes"},"content":{"rendered":"<ul class=\"jsx-25100651 ArticleChapo__List\">\n<li class=\"jsx-25100651 ArticleChapo__List_Item flex\">Selon les services de renseignement danois, la Russie pr\u00e9pare \u00ab\u00a0activement\u00a0\u00bb des actions de sabotage.<\/li>\n<li class=\"jsx-25100651 ArticleChapo__List_Item flex\">L&rsquo;industrie de la d\u00e9fense serait particuli\u00e8rement vis\u00e9e.<\/li>\n<li class=\"jsx-25100651 ArticleChapo__List_Item flex\">\u00c0 l&rsquo;image du Danemark, plusieurs pays de l&rsquo;Otan redoutent des op\u00e9rations russes.<\/li>\n<\/ul>\n<p><a href=\"https:\/\/www.tf1info.fr\/actualite\/invasion-de-l-ukraine-par-la-russie-une-guerre-qui-dure-12951\/\" rel=\"nofollow noopener\" class=\"jsx-2067374227 Link jsx-2275206292 jsx-2398283886\" target=\"_blank\"><\/p>\n<p style=\"font-weight:400\" class=\"jsx-3580589320\">Suivez la couverture compl\u00e8te<\/p>\n<p style=\"font-weight:800\" class=\"jsx-3580589320\">Ukraine : la guerre entre dans sa 5\u1d49 ann\u00e9e<\/p>\n<p><\/a><a href=\"https:\/\/www.google.com\/preferences\/source?q=tf1info.fr\" class=\"jsx-2150648137 jsx-976369737 ActionButton ActionButton--withBorder\" rel=\"nofollow noopener\" target=\"_blank\"><\/p>\n<p> Ajoutez TF1info \u00e0 vos sources sur Google <\/p>\n<p><\/a><\/p>\n<p id=\"body-_R_17v7tm_-block-6\" data-module=\"article-paragraph\" class=\"jsx-2921227388 Paragraph\">Le Danemark dans le viseur de <a href=\"https:\/\/www.tf1info.fr\/actualite\/russie-10021\/\" rel=\"nofollow noopener\" target=\"_blank\">la Russie<\/a> ? C&rsquo;est en tout cas une certitude pour les services de renseignement danois (PET). Selon ces derniers, Moscou pr\u00e9pare \u00ab\u00a0activement\u00a0\u00bb des actions de sabotage. Ces menaces s&rsquo;inscrivent dans un contexte de tensions croissantes entre le pouvoir de Vladimir Poutine et le flanc est de l&rsquo;Otan.\u00a0<\/p>\n<p data-module=\"article-paragraph\" class=\"jsx-2921227388 Paragraph Paragraph__End\">\u00ab\u00a0Les services de renseignement russes pr\u00e9parent activement des actions de sabotage visant l&rsquo;industrie de la d\u00e9fense au Danemark\u00a0\u00bb, a \u00e9crit PET dans un communiqu\u00e9 transmis \u00e0 l&rsquo;AFP. Ils recrutent des \u00ab\u00a0Danois ordinaires\u00a0\u00bb sur les r\u00e9seaux sociaux pour prendre des photos qui peuvent servir \u00e0 la planification d&rsquo;actions de sabotage.<\/p>\n<p>Une situation \u00ab\u00a0tr\u00e8s instable\u00a0\u00bb<\/p>\n<p id=\"body-_R_17v7tm_-block-9\" data-module=\"article-paragraph\" class=\"jsx-2921227388 Paragraph\">Au quotidien danois Berlingske Emil Graesholm, chef du contre-espionnage aupr\u00e8s du PET, a confi\u00e9 r\u00e9v\u00e9ler les m\u00e9thodes utilis\u00e9es \u00ab\u00a0car elles n&rsquo;ont pas besoin de ressembler \u00e0 un film d&rsquo;espionnage\u00a0\u00bb. Pour le PET, \u00ab\u00a0c&rsquo;est fondamentalement important que l&rsquo;ensemble de l&rsquo;industrie de la d\u00e9fense prenne les mesures de s\u00e9curit\u00e9 n\u00e9cessaires afin de pouvoir se prot\u00e9ger elle-m\u00eame\u00a0\u00bb. \u00ab\u00a0Beaucoup d&rsquo;acteurs du secteur sont d&rsquo;ailleurs d\u00e9j\u00e0 pleinement engag\u00e9s dans cette d\u00e9marche.\u00a0\u00bb<\/p>\n<p data-module=\"article-paragraph\" class=\"jsx-2921227388 Paragraph Paragraph__End\">D\u00e8s 2024, le PET avait signal\u00e9 que la menace russe contre le Danemark, <a href=\"https:\/\/www.tf1info.fr\/actualite\/ukraine-10045\/\" rel=\"nofollow noopener\" target=\"_blank\">pays soutien de l&rsquo;Ukraine,<\/a> s&rsquo;\u00e9tait renforc\u00e9e. Tout sauf un cas isol\u00e9, plusieurs pays europ\u00e9ens faisant \u00e9tat des m\u00eames retours de la part de leurs services de renseignement.\u00a0<\/p>\n<p><a href=\"https:\/\/www.tf1info.fr\/international\/danemark-la-duree-du-service-militaire-presque-triplee-face-a-la-menace-de-la-russie-2456604.html\" rel=\"nofollow noopener\" class=\"jsx-958316424 Link flex\" target=\"_blank\"><img decoding=\"async\" src=\"https:\/\/www.europesays.com\/fr\/wp-content\/uploads\/2026\/09\/drapeau-danemark-illus-7760dc-0@1x.jpeg\" alt=\"Drapeau Danemark illus\" loading=\"lazy\" importance=\"low\" fetchpriority=\"low\" class=\"\" copyright=\"istock\" aria-hidden=\"true\"\/><\/p>\n<p class=\"jsx-4054529586 ReadMoreArticle__Title\">Lire aussi<\/p>\n<p class=\"jsx-4054529586\">Danemark : la dur\u00e9e du service militaire presque tripl\u00e9e face \u00e0 la menace russe<\/p>\n<p><\/a><\/p>\n<p id=\"body-_R_17v7tm_-block-13\" data-module=\"article-paragraph\" class=\"jsx-2921227388 Paragraph\">En juillet dernier, le pr\u00e9sident letton Edgars Rinkevics a averti que les pays baltes &#8211; l&rsquo;Estonie, la Lettonie et la Lituanie, qui, comme la Pologne, sont toutes membres de l&rsquo;UE et de l&rsquo;Otan &#8211; doivent se pr\u00e9parer \u00e0 des actions provocatrices de la part de la Russie. Selon Edgars Rinkevics, celle-ci cherchant \u00e0 \u00ab\u00a0mettre \u00e0 l&rsquo;\u00e9preuve\u00a0\u00bb le pacte de d\u00e9fense mutuelle de l&rsquo;Alliance dans le contexte de sa guerre en Ukraine.<\/p>\n<p data-module=\"article-paragraph\" class=\"jsx-2921227388 Paragraph\">Fin juin, le Premier ministre polonais <a href=\"https:\/\/www.tf1info.fr\/international\/video-lci-rencontre-emmanuel-macron-donald-tusk-en-pologne-une-nouvelle-ere-strategique-s-ouvre-en-europe-explique-sur-lci-le-colonel-michel-goya-2437103.html\" rel=\"nofollow noopener\" target=\"_blank\">Donald Tusk<\/a> d\u00e9clarait que \u00ab\u00a0divers types d&rsquo;escalade\u00a0\u00bb \u00e9taient \u00e0 pr\u00e9voir \u00ab\u00a0dans les semaines et mois \u00e0 venir\u00a0\u00bb, qualifiant la situation de \u00ab\u00a0tr\u00e8s instable\u00a0\u00bb. Des responsables baltes et polonais ont d\u00e9j\u00e0 attribu\u00e9 \u00e0 Moscou plusieurs provocations, notamment des incendies criminels, des cyberattaques et des sabotages sur des lignes ferroviaires. Le pr\u00e9sident lituanien a indiqu\u00e9 que Vilnius a d\u00e9j\u00e0 renforc\u00e9 la protection de ses infrastructures de transport et d&rsquo;\u00e9nergie.<\/p>\n<p data-module=\"article-paragraph\" class=\"jsx-2921227388 Paragraph Paragraph__End\">Plus globalement, les tensions se sont intensifi\u00e9es autour de la mer Baltique depuis l&rsquo;invasion de l&rsquo;Ukraine par la Russie en f\u00e9vrier 2022. Une s\u00e9rie d&rsquo;explosions sous-marines a par exemple endommag\u00e9 les gazoducs Nord Stream qui acheminaient le gaz russe vers l&rsquo;Europe. La Finlande et la Su\u00e8de ont abandonn\u00e9 des d\u00e9cennies de non-alignement militaire en rejoignant l&rsquo;Otan.<\/p>\n","protected":false},"excerpt":{"rendered":"Selon les services de renseignement danois, la Russie pr\u00e9pare \u00ab\u00a0activement\u00a0\u00bb des actions de sabotage. L&rsquo;industrie de la d\u00e9fense&hellip;\n","protected":false},"author":2,"featured_media":1165202,"comment_status":"","ping_status":"","sticky":false,"template":"","format":"standard","meta":{"footnotes":"","_share_on_mastodon":"0"},"categories":[1591],"tags":[1111,11,1921,145,1887,1922,12,136,1885,1886,132,220,101034,133,1920,135],"class_list":["post-1165201","post","type-post","status-publish","format-standard","has-post-thumbnail","category-russie","tag-actu","tag-actualites","tag-article-video","tag-danemark","tag-federation-de-russie","tag-info","tag-news","tag-otan","tag-russia","tag-russian-federation","tag-russie","tag-ukraine","tag-ukraine-une-5-annee-de-guerre-et-pas-de-paix-en-vue","tag-video","tag-video-international","tag-vladimir-poutine"],"share_on_mastodon":{"url":"https:\/\/pubeurope.com\/@fr\/117208042254242021","error":""},"_links":{"self":[{"href":"https:\/\/www.europesays.com\/fr\/wp-json\/wp\/v2\/posts\/1165201","targetHints":{"allow":["GET"]}}],"collection":[{"href":"https:\/\/www.europesays.com\/fr\/wp-json\/wp\/v2\/posts"}],"about":[{"href":"https:\/\/www.europesays.com\/fr\/wp-json\/wp\/v2\/types\/post"}],"author":[{"embeddable":true,"href":"https:\/\/www.europesays.com\/fr\/wp-json\/wp\/v2\/users\/2"}],"replies":[{"embeddable":true,"href":"https:\/\/www.europesays.com\/fr\/wp-json\/wp\/v2\/comments?post=1165201"}],"version-history":[{"count":0,"href":"https:\/\/www.europesays.com\/fr\/wp-json\/wp\/v2\/posts\/1165201\/revisions"}],"wp:featuredmedia":[{"embeddable":true,"href":"https:\/\/www.europesays.com\/fr\/wp-json\/wp\/v2\/media\/1165202"}],"wp:attachment":[{"href":"https:\/\/www.europesays.com\/fr\/wp-json\/wp\/v2\/media?parent=1165201"}],"wp:term":[{"taxonomy":"category","embeddable":true,"href":"https:\/\/www.europesays.com\/fr\/wp-json\/wp\/v2\/categories?post=1165201"},{"taxonomy":"post_tag","embeddable":true,"href":"https:\/\/www.europesays.com\/fr\/wp-json\/wp\/v2\/tags?post=1165201"}],"curies":[{"name":"wp","href":"https:\/\/api.w.org\/{rel}","templated":true}]}}