{"id":1165203,"date":"2026-09-03T16:25:28","date_gmt":"2026-09-03T16:25:28","guid":{"rendered":"https:\/\/www.europesays.com\/fr\/1165203\/"},"modified":"2026-09-03T16:25:28","modified_gmt":"2026-09-03T16:25:28","slug":"carney-sommera-poutine-de-mettre-fin-a-loccupation-en-ukraine-sil-est-convie-au-g20","status":"publish","type":"post","link":"https:\/\/www.europesays.com\/fr\/1165203\/","title":{"rendered":"Carney sommera Poutine de mettre fin \u00e0 l&rsquo;occupation en Ukraine s&rsquo;il est convi\u00e9 au G20"},"content":{"rendered":"<p>OTTAWA \u2014 Le premier ministre Mark Carney a affirm\u00e9 jeudi qu\u2019il dirait au pr\u00e9sident russe Vladimir Poutine de \u00abquitter l\u2019Ukraine\u00bb s\u2019ils se rencontraient lors du sommet du G20 en d\u00e9cembre.<\/p>\n<p>Le pr\u00e9sident am\u00e9ricain, Donald Trump, accueillera les dirigeants mondiaux \u00e0 Miami pour ce sommet et certains indices laissent penser qu\u2019il pourrait autoriser Vladimir Poutine \u00e0 y participer, malgr\u00e9 le mandat d\u2019arr\u00eat d\u00e9livr\u00e9 \u00e0 l\u2019encontre du dirigeant russe par la Cour p\u00e9nale internationale.<\/p>\n<p>Ottawa affirme que la d\u00e9cision de l\u2019administration Trump d\u2019accueillir le ministre russe des Finances lors d\u2019une r\u00e9union du G20 cette semaine a suscit\u00e9 un certain malaise parmi les alli\u00e9s.<\/p>\n<p>Mark Carney a pr\u00e9cis\u00e9 qu\u2019il appartient au chef d\u2019\u00c9tat am\u00e9ricain de d\u00e9cider qui participera au sommet, mais que Vladimir Poutine \u00abne comprend que la force et la franchise\u00bb.<\/p>\n<p>Il a ajout\u00e9 que s\u2019il s\u2019entretient avec le pr\u00e9sident russe en d\u00e9cembre, il lui demandera de restituer \u00e0 l\u2019Ukraine l\u2019ensemble des territoires que la Russie a annex\u00e9s apr\u00e8s la prise de la Crim\u00e9e en 2014 et l\u2019invasion \u00e0 grande \u00e9chelle de 2022.<\/p>\n<p>Les \u00c9tats-Unis ont exclu l\u2019Afrique du Sud de plusieurs \u00e9v\u00e9nements du G20, Donald Trump estimant que ce pays m\u00e8ne un g\u00e9nocide contre les Blancs.<\/p>\n","protected":false},"excerpt":{"rendered":"OTTAWA \u2014 Le premier ministre Mark Carney a affirm\u00e9 jeudi qu\u2019il dirait au pr\u00e9sident russe Vladimir Poutine de&hellip;\n","protected":false},"author":2,"featured_media":1165204,"comment_status":"","ping_status":"","sticky":false,"template":"","format":"standard","meta":{"footnotes":"","_share_on_mastodon":"0"},"categories":[1590],"tags":[11,1777,674,4576,12,220],"class_list":["post-1165203","post","type-post","status-publish","format-standard","has-post-thumbnail","category-ukraine","tag-actualites","tag-eu","tag-europe","tag-https-lactualite-com-sujet-politique","tag-news","tag-ukraine"],"share_on_mastodon":{"url":"https:\/\/pubeurope.com\/@fr\/117208044307007611","error":""},"_links":{"self":[{"href":"https:\/\/www.europesays.com\/fr\/wp-json\/wp\/v2\/posts\/1165203","targetHints":{"allow":["GET"]}}],"collection":[{"href":"https:\/\/www.europesays.com\/fr\/wp-json\/wp\/v2\/posts"}],"about":[{"href":"https:\/\/www.europesays.com\/fr\/wp-json\/wp\/v2\/types\/post"}],"author":[{"embeddable":true,"href":"https:\/\/www.europesays.com\/fr\/wp-json\/wp\/v2\/users\/2"}],"replies":[{"embeddable":true,"href":"https:\/\/www.europesays.com\/fr\/wp-json\/wp\/v2\/comments?post=1165203"}],"version-history":[{"count":0,"href":"https:\/\/www.europesays.com\/fr\/wp-json\/wp\/v2\/posts\/1165203\/revisions"}],"wp:featuredmedia":[{"embeddable":true,"href":"https:\/\/www.europesays.com\/fr\/wp-json\/wp\/v2\/media\/1165204"}],"wp:attachment":[{"href":"https:\/\/www.europesays.com\/fr\/wp-json\/wp\/v2\/media?parent=1165203"}],"wp:term":[{"taxonomy":"category","embeddable":true,"href":"https:\/\/www.europesays.com\/fr\/wp-json\/wp\/v2\/categories?post=1165203"},{"taxonomy":"post_tag","embeddable":true,"href":"https:\/\/www.europesays.com\/fr\/wp-json\/wp\/v2\/tags?post=1165203"}],"curies":[{"name":"wp","href":"https:\/\/api.w.org\/{rel}","templated":true}]}}