{"id":1165205,"date":"2026-09-03T16:26:33","date_gmt":"2026-09-03T16:26:33","guid":{"rendered":"https:\/\/www.europesays.com\/fr\/1165205\/"},"modified":"2026-09-03T16:26:33","modified_gmt":"2026-09-03T16:26:33","slug":"usa-wall-street-monte-a-la-faveur-de-la-detente-des-taux","status":"publish","type":"post","link":"https:\/\/www.europesays.com\/fr\/1165205\/","title":{"rendered":"USA: Wall Street monte \u00e0 la faveur de la d\u00e9tente des taux"},"content":{"rendered":"<p>&#13;<br \/>\n            <img decoding=\"async\" src=\"https:\/\/www.europesays.com\/fr\/wp-content\/uploads\/2026\/04\/881-c.jpg\" alt=\"bourse Cac 40\"\/><\/p>\n<p>La Bourse de New York a d\u00e9but\u00e9 en<br \/>\nhausse jeudi soutenue par la d\u00e9tente des taux obligataires, alors<br \/>\nque les cours du p\u00e9trole se maintiennent \u00e0 la hausse \u00e0 la<br \/>\nsuite de nouvelles frappes iraniennes \u00e0 la veille du tr\u00e8s<br \/>\nattendu rapport sur l&#8217;emploi pour ao\u00fbt aux Etats-Unis.<\/p>\n<p>En d\u00e9but de s\u00e9ance l&rsquo;<a href=\"https:\/\/www.abcbourse.com\/cotation\/DJIAx\" rel=\"nofollow noopener\" target=\"_blank\">indice Dow Jones<\/a> prenait 0,9%, \u00e0<br \/>\n53.510 points tandis que le S&amp;P 500 avan\u00e7ait de 0,6%, \u00e0 7.712<br \/>\npoints. Pour sa part, le Nasdaq, riche en valeurs technologiques,<br \/>\ngrimpait de 0,7%, \u00e0 26.403 points.<\/p>\n<p>L&rsquo;Iran a de nouveau vis\u00e9 jeudi des cibles militaires<br \/>\nam\u00e9ricaines au Kowe\u00eft et aux Emirats arabes unis, a<br \/>\nannonc\u00e9 l&rsquo;AFP. Dans ce contexte, les cours de l&rsquo;or noir sont<br \/>\nrepartis \u00e0 la hausse. Le contrat d&rsquo;octobre sur le brut l\u00e9ger<br \/>\ndoux (WTI) cot\u00e9 au Nymex progressait de 1%, \u00e0 91,95 dollars le<br \/>\nbaril.<\/p>\n<p>En revanche, les tensions s&rsquo;apaisent sur les march\u00e9s de taux \u00e0<br \/>\nla veille du tr\u00e8s attendu rapport sur l&#8217;emploi pour le mois<br \/>\nd&rsquo;ao\u00fbt alors que deux hauts responsables de la R\u00e9serve<br \/>\nf\u00e9d\u00e9rale (Fed) se sont montr\u00e9s plus prudents sur<br \/>\nl&rsquo;hypoth\u00e8se d&rsquo;une hausse du loyer de l&rsquo;argent en septembre. Le<br \/>\npr\u00e9sident de la Fed de New York, John Williams, a indiqu\u00e9<br \/>\nmercredi soir qu&rsquo;il ne voyait pas de donn\u00e9es probantes indiquant<br \/>\nque la banque centrale devait relever ses taux d&rsquo;int\u00e9r\u00eat pour<br \/>\nr\u00e9pondre \u00e0 l&rsquo;inflation persistante. Jeudi, le gouverneur de la<br \/>\nFed Christopher Waller a de son c\u00f4t\u00e9 estim\u00e9 qu&rsquo;une hausse<br \/>\ndes taux n&rsquo;\u00e9tait pas acquise en septembre dans la mesure o\u00f9 il<br \/>\nobservait plut\u00f4t une tendance \u00e0 la d\u00e9sinflation<br \/>\nactuellement, qui devra \u00eatre confirm\u00e9e par les donn\u00e9es<br \/>\nsur les prix \u00e0 la consommation et \u00e0 la production du mois<br \/>\nd&rsquo;ao\u00fbt.<\/p>\n<p>Les paris sur un rel\u00e8vement des taux d&rsquo;un quart point de<br \/>\npourcentage lors de la r\u00e9union des 15 et 16 septembre prochains se<br \/>\nresserrent en r\u00e9action, l&rsquo;hypoth\u00e8se d&rsquo;un statu quo remontant<br \/>\n\u00e0 51%, contre 37% la semaine derni\u00e8re, selon l&rsquo;outil FedWatch<br \/>\ndu CME. Le taux du bon du Tr\u00e9sor \u00e0 10 ans recule de 5 points<br \/>\nde base (0,05 point de pourcentage), \u00e0 4,75%, tandis que celui du 2<br \/>\nans chute de 7 points de base, \u00e0 4,32%.<\/p>\n<p>L&rsquo;indice <a href=\"https:\/\/www.abcbourse.com\/marches\/economie_indice_ism_services_usa-8\" rel=\"nofollow noopener\" target=\"_blank\">ISM des services<\/a> pour ao\u00fbt aux Etats-Unis sera \u00e0<br \/>\nsurveiller \u00e0 16 heures, une bonne surprise pouvant r\u00e9veiller<br \/>\nles tensions sur le march\u00e9 des taux.<\/p>\n<p>Sur le front \u00e9conomique, les inscriptions au ch\u00f4mage sont<br \/>\nrest\u00e9es globalement stables au cours de la semaine<br \/>\n\u00e9coul\u00e9e et conformes aux attentes dans un contexte de<br \/>\nralentissement des cr\u00e9ations d&#8217;emplois aux Etats-Unis. Le<br \/>\nd\u00e9ficit commercial des Etats-Unis s&rsquo;est de son c\u00f4t\u00e9<br \/>\ncreus\u00e9 en juillet par rapport au mois pr\u00e9c\u00e9dent en raison<br \/>\nd&rsquo;une hausse des importations et d&rsquo;une baisse des exportations,<br \/>\nnotamment de p\u00e9trole brut.<\/p>\n<p>Du c\u00f4t\u00e9 des valeurs, la soci\u00e9t\u00e9 de semi-conducteurs<br \/>\net de logiciels Broadcom (-5%) a d\u00e9but\u00e9 dans le rouge, les<br \/>\ninvestisseurs se montrant prudents sur les pr\u00e9visions du groupe.<\/p>\n<p>Sur le march\u00e9 des changes, l&rsquo;indice DXY, qui mesure la valeur du<br \/>\nbillet vert face \u00e0 un panier de devises, perdait 0,6%, \u00e0 99,02<br \/>\npoints.<\/p>\n<p>EVENEMENTS A VENIR:<\/p>\n<p>16h00: indice ISM des services en ao\u00fbt<\/p>\n<p>21h00: allocutions de la pr\u00e9sidente de la Fed de Cleveland et du<br \/>\npr\u00e9sident de la Fed de Chicago<\/p>\n<p>Agefi-Dow Jones The financial newswire<\/p>\n<p>&#13;<br \/>\n            &#13;<\/p>\n<p>Vous avez aim\u00e9 cet article ? Partagez-le avec vos amis avec les boutons ci-dessous.<\/p>\n","protected":false},"excerpt":{"rendered":"&#13; La Bourse de New York a d\u00e9but\u00e9 en hausse jeudi soutenue par la d\u00e9tente des taux obligataires,&hellip;\n","protected":false},"author":2,"featured_media":895998,"comment_status":"","ping_status":"","sticky":false,"template":"","format":"standard","meta":{"footnotes":"","_share_on_mastodon":"0"},"categories":[1589],"tags":[11,73,1866,12,1864,1865,1863,308],"class_list":["post-1165205","post","type-post","status-publish","format-standard","has-post-thumbnail","category-etats-unis","tag-actualites","tag-etats-unis","tag-etats-unis-damerique","tag-news","tag-united-states","tag-united-states-of-america","tag-us","tag-usa"],"share_on_mastodon":{"url":"https:\/\/pubeurope.com\/@fr\/117208050277103635","error":""},"_links":{"self":[{"href":"https:\/\/www.europesays.com\/fr\/wp-json\/wp\/v2\/posts\/1165205","targetHints":{"allow":["GET"]}}],"collection":[{"href":"https:\/\/www.europesays.com\/fr\/wp-json\/wp\/v2\/posts"}],"about":[{"href":"https:\/\/www.europesays.com\/fr\/wp-json\/wp\/v2\/types\/post"}],"author":[{"embeddable":true,"href":"https:\/\/www.europesays.com\/fr\/wp-json\/wp\/v2\/users\/2"}],"replies":[{"embeddable":true,"href":"https:\/\/www.europesays.com\/fr\/wp-json\/wp\/v2\/comments?post=1165205"}],"version-history":[{"count":0,"href":"https:\/\/www.europesays.com\/fr\/wp-json\/wp\/v2\/posts\/1165205\/revisions"}],"wp:featuredmedia":[{"embeddable":true,"href":"https:\/\/www.europesays.com\/fr\/wp-json\/wp\/v2\/media\/895998"}],"wp:attachment":[{"href":"https:\/\/www.europesays.com\/fr\/wp-json\/wp\/v2\/media?parent=1165205"}],"wp:term":[{"taxonomy":"category","embeddable":true,"href":"https:\/\/www.europesays.com\/fr\/wp-json\/wp\/v2\/categories?post=1165205"},{"taxonomy":"post_tag","embeddable":true,"href":"https:\/\/www.europesays.com\/fr\/wp-json\/wp\/v2\/tags?post=1165205"}],"curies":[{"name":"wp","href":"https:\/\/api.w.org\/{rel}","templated":true}]}}