{"id":1165224,"date":"2026-09-03T16:43:17","date_gmt":"2026-09-03T16:43:17","guid":{"rendered":"https:\/\/www.europesays.com\/fr\/1165224\/"},"modified":"2026-09-03T16:43:17","modified_gmt":"2026-09-03T16:43:17","slug":"christophe-laporte-va-continuer-jusqua-ses-36-ans-actualite","status":"publish","type":"post","link":"https:\/\/www.europesays.com\/fr\/1165224\/","title":{"rendered":"Christophe Laporte va continuer jusqu&rsquo;\u00e0 ses 36 ans &#8211; Actualit\u00e9"},"content":{"rendered":"<p><strong><a style=\"color: #000000; text-decoration: underline;\" href=\"https:\/\/www.directvelo.com\/coureur\/3551\/christophe-laporte\" target=\"_blank\" rel=\"noopener nofollow\">Christophe Laporte<\/a><\/strong> n&rsquo;est pas pr\u00e8s de mettre un terme \u00e0 sa carri\u00e8re cycliste. Le Varois a d\u00e9cid\u00e9 de prolonger l&rsquo;aventure avec la formation Visma-Lease a Bike pour les trois prochaines saisons, soit jusqu&rsquo;\u00e0 fin 2029, annonce ce jeudi matin la structure n\u00e9erlandaise.\u00a0<\/p>\n<p>Actuellement sur les routes du Tour d&rsquo;Espagne, o\u00f9 il avait d\u00e9croch\u00e9 un Top 5 lors du chrono inaugural dans les rues de Monaco, l&rsquo;ancien Champion d&rsquo;Europe sur route a contribu\u00e9 aux trois succ\u00e8s d&rsquo;\u00e9tapes du sprinteur Matthew Brennan, encore vainqueur ce mercredi lors de la onzi\u00e8me journ\u00e9e de comp\u00e9tition.<\/p>\n<p>Cette saison, <strong><a style=\"color: #000000; text-decoration: underline;\" href=\"https:\/\/www.directvelo.com\/epreuve\/48843\/etape\/48844\/ruta-del-sol-etape-1\" target=\"_blank\" rel=\"noopener nofollow\">Christophe Laporte a remport\u00e9 une \u00e9tape du Tour d&rsquo;Andalousie en d\u00e9but d&rsquo;ann\u00e9e,<\/a><\/strong> avant de terminer 3e d&rsquo;In Flanders Fields, le nouveau nom de Gand-Wevelgem. Une nouvelle fois frein\u00e9 par une blessure, il avait d\u00fb renoncer \u00e0 participer au Tour de France et n&rsquo;a pas couru pendant trois mois. Il a effectu\u00e9 son retour \u00e0 la comp\u00e9tition lors du Tour du Danemark, o\u00f9 il a contribu\u00e9 aux succ\u00e8s de Wout van Aert et a lui-m\u00eame pris la 4e place du classement g\u00e9n\u00e9ral final.\u00a0<\/p>\n","protected":false},"excerpt":{"rendered":"Christophe Laporte n&rsquo;est pas pr\u00e8s de mettre un terme \u00e0 sa carri\u00e8re cycliste. Le Varois a d\u00e9cid\u00e9 de&hellip;\n","protected":false},"author":2,"featured_media":1165225,"comment_status":"","ping_status":"","sticky":false,"template":"","format":"standard","meta":{"footnotes":"","_share_on_mastodon":"0"},"categories":[1411],"tags":[834,828,836,829,837,827,83,826,824,823,1154,207,814,817,815,816,822,821,832,211,839,1011,27,820,818,819,835,831,830,833,838,60,212,208,825],"class_list":["post-1165224","post","type-post","status-publish","format-standard","has-post-thumbnail","category-cyclisme","tag-attaque","tag-belgique","tag-braquet","tag-bretagne","tag-chute","tag-competition","tag-coupe-de-france","tag-coureur","tag-course-cyclisme","tag-course-cycliste","tag-cycling","tag-cyclisme","tag-direct","tag-direct-velo","tag-directvelo","tag-directvelo-com","tag-epreuve","tag-epreuve-cycliste","tag-federation-francaise-de-cyclisme","tag-ffc","tag-flandres","tag-fr","tag-france","tag-live","tag-live-course","tag-live-epreuve","tag-peloton","tag-radio-peloton","tag-radio-tour","tag-ravitaillement","tag-relance","tag-sports","tag-uci","tag-velo","tag-velos"],"share_on_mastodon":{"url":"https:\/\/pubeurope.com\/@fr\/117208115441250765","error":""},"_links":{"self":[{"href":"https:\/\/www.europesays.com\/fr\/wp-json\/wp\/v2\/posts\/1165224","targetHints":{"allow":["GET"]}}],"collection":[{"href":"https:\/\/www.europesays.com\/fr\/wp-json\/wp\/v2\/posts"}],"about":[{"href":"https:\/\/www.europesays.com\/fr\/wp-json\/wp\/v2\/types\/post"}],"author":[{"embeddable":true,"href":"https:\/\/www.europesays.com\/fr\/wp-json\/wp\/v2\/users\/2"}],"replies":[{"embeddable":true,"href":"https:\/\/www.europesays.com\/fr\/wp-json\/wp\/v2\/comments?post=1165224"}],"version-history":[{"count":0,"href":"https:\/\/www.europesays.com\/fr\/wp-json\/wp\/v2\/posts\/1165224\/revisions"}],"wp:featuredmedia":[{"embeddable":true,"href":"https:\/\/www.europesays.com\/fr\/wp-json\/wp\/v2\/media\/1165225"}],"wp:attachment":[{"href":"https:\/\/www.europesays.com\/fr\/wp-json\/wp\/v2\/media?parent=1165224"}],"wp:term":[{"taxonomy":"category","embeddable":true,"href":"https:\/\/www.europesays.com\/fr\/wp-json\/wp\/v2\/categories?post=1165224"},{"taxonomy":"post_tag","embeddable":true,"href":"https:\/\/www.europesays.com\/fr\/wp-json\/wp\/v2\/tags?post=1165224"}],"curies":[{"name":"wp","href":"https:\/\/api.w.org\/{rel}","templated":true}]}}