{"id":1165240,"date":"2026-09-03T16:52:19","date_gmt":"2026-09-03T16:52:19","guid":{"rendered":"https:\/\/www.europesays.com\/fr\/1165240\/"},"modified":"2026-09-03T16:52:19","modified_gmt":"2026-09-03T16:52:19","slug":"le-jeune-slovene-jakob-omrzel-remporte-la-12e-etape-de-la-vuelta-enric-mas-creuse-lecart-au-general-lequipe","status":"publish","type":"post","link":"https:\/\/www.europesays.com\/fr\/1165240\/","title":{"rendered":"Le jeune Slov\u00e8ne Jakob Omrzel remporte la 12e \u00e9tape de la Vuelta, Enric Mas creuse l&#039;\u00e9cart au g\u00e9n\u00e9ral &#8211; L&#039;\u00c9quipe"},"content":{"rendered":"<ol>\n<li><a href=\"https:\/\/news.google.com\/rss\/articles\/CBMi8wFBVV95cUxQVzd1Zm0yZEpHVWlmTkMtTXVfY09lMEFxMW1ZNEJQVFNkZ0dUbDJoS3E0cUlKMGlZYjBxV09uLXU2UC0wa2JmNU0yYnpOZWswUDV5STh6amdCOVhRekZYRkZ0TElQMnA2LUFiNm5vU3luUmoteGR4Y3VHSktGX094WlRMNGJiU0JTb0taTWNzR0NDdFBNWmhaSVBSZVRfaHBtcFoyQjVPdmpFdG5FckdsVW9rTFFTZkI0WWtNaGVQZmtnbFdZbjdYVnlfTTBqM3ZmTzQwXzB0T1Jpc1IwSm1PTzZidlFEanE5eHBJOTBha2xMYlU?oc=5\" target=\"_blank\" rel=\"nofollow noopener\">Le jeune Slov\u00e8ne Jakob Omrzel remporte la 12e \u00e9tape de la Vuelta, Enric Mas creuse l&rsquo;\u00e9cart au g\u00e9n\u00e9ral<\/a>&nbsp;&nbsp;L&rsquo;\u00c9quipe<\/li>\n<li><a href=\"https:\/\/news.google.com\/rss\/articles\/CBMiygFBVV95cUxNUjF3cXA2M29WQm55a3Q1T3M0Yk9jQXBZZ2NHRkRkWGhmUWI1dEZlNWpsei03cEZxaERpT2FJTmltODdSeW1ZeUFFcDhrUHliajJRWXZKd1YzdVktMFR2bXFHR0NtYl94SFFNMUYyNGR5UWN4ck41SnhEZHpTZmJTNGRBQ0JRRjRGSU5fUW8zN3hXWXhkX2sxUnQ1MUpOWUV3US1xcjRPYVQzN1hSTmluT001TWduTldlM2w3S1VZd1l5S3UyMDNVV0NR?oc=5\" target=\"_blank\" rel=\"nofollow noopener\">Cyclisme. Vuelta : le jeune Slov\u00e8ne Jakob Omrzel impressionne, Enric Mas conforte son maillot rouge<\/a>&nbsp;&nbsp;Le Dauphin\u00e9 Lib\u00e9r\u00e9<\/li>\n<li><a href=\"https:\/\/news.google.com\/rss\/articles\/CBMimgJBVV95cUxQVjI1WjhPN2J1RWJQWHRiSVhNLTN0X3psWklBQXFuYXNKZU5rc04xQWoxZU1rbUlrZ0tLUWJMMlEzejVSWTlFN1JTVWhSN3N1NDFTQTRWWnpVX3EyTzJvdGJpRkhsMWwwckxfMEhjWG5uNFBaQVh0bW9oRTl3bmg2b0hwWDBvX2dLdUNoUDdpekcwc1RSbGo2RHdOdGUyMEZ4eF83S25aY1N1QkNSaE92R2pSQmt0SXRsd2pKTGdCSnhuN254WmJLbzhwNk1BclVBU1ZMVUtfTGh6S1VUd0RGR3dOb2FBZTZQcW1USER3eG5PaGowUVduNmNKTFlZblVBdm1mNkFRZklEWFZ0Q1BTVFF2UWRyRkhNZlE?oc=5\" target=\"_blank\" rel=\"nofollow noopener\">Omrzel prend date, Mas creuse encore<\/a>&nbsp;&nbsp;Eurosport<\/li>\n<li><a href=\"https:\/\/news.google.com\/rss\/articles\/CBMi9gFBVV95cUxQOUpwV2hvZ3ppaHRUSkVxSXU2UTVlSWwxVW95OWltVWhINGU3MGRqZlM3ZUxGUjByQlNNTEV0QXZxUUdRS2dweURJRmQ4SWh1d1VzcUNoY0h2MGNqZzN1TndFV0VLUTlnRDVqN0N3X2I2QUU0dDE4WEJLR0ZadG9oUnl0Z1pZSkI3ZklBM3lJSThGU1ZRWVhOc3pvazkyT1ZFb1dKdHNMRGE2a1hDVGVrUlVNWFlzTmVYLVd0RzBuUnZnNm43c0d5eWo2UERlZ2VpbDBzQnMzU3ZydTJ5V3JzZTFHelhhRE1NTkI5LWNOS05lNHhacnc?oc=5\" target=\"_blank\" rel=\"nofollow noopener\">Tour d&rsquo;Espagne : L\u00e9o Bisiaux joue sa carte en \u00e9chapp\u00e9e, avant de se muer en \u00e9quipier pour Felix Gall<\/a>&nbsp;&nbsp;La Montagne<\/li>\n<li><a href=\"https:\/\/news.google.com\/rss\/articles\/CBMi8wFBVV95cUxQZEFpNlpzSlU4VjJoQnRhcUdMVVNUQl9RMVljY1Y0NDFfOExDQjdMczNDb3BEalJxMTNncjFpbnhvOHhBaXRBSjZ5SVJhaU9iZVQ4NTlqX1d5NW9zQ2FFbWZlRC1fUmdHUjM2WW0wRGh0cG5IemRiaXRqZjg2bkNQd2ZaOWNySFBlOFdkZXpHemQxUC1uNVdjWm9feW9ldVg2bFdJUEhWVHBBNHhKdXdoZElZcGNkZ05wOFFRWDczNHN3RUljR0wxOHFVZFoxdVgxWEVfM2dUX29KdTJ2SllPemhqMW1hazExUi1QY0hMZzhQQlU?oc=5\" target=\"_blank\" rel=\"nofollow noopener\">DIRECT. Vuelta 2026: un joli groupe \u00e0 l&rsquo;avant avec un Fran\u00e7ais, suivez la 12e \u00e9tape du Tour d&rsquo;Espagne en live<\/a>&nbsp;&nbsp;RMC Sport<\/li>\n<\/ol>\n","protected":false},"excerpt":{"rendered":"Le jeune Slov\u00e8ne Jakob Omrzel remporte la 12e \u00e9tape de la Vuelta, Enric Mas creuse l&rsquo;\u00e9cart au g\u00e9n\u00e9ral&nbsp;&nbsp;L&rsquo;\u00c9quipe&hellip;\n","protected":false},"author":2,"featured_media":1165241,"comment_status":"","ping_status":"","sticky":false,"template":"","format":"standard","meta":{"footnotes":"","_share_on_mastodon":"0"},"categories":[9],"tags":[5734,10070,1011,27,1833,86796,60,1140],"class_list":["post-1165240","post","type-post","status-publish","format-standard","has-post-thumbnail","category-sports","tag-5734","tag-cyclisme-sur-route","tag-fr","tag-france","tag-redaction","tag-resumes-et-cr","tag-sports","tag-tour-despagne"],"share_on_mastodon":{"url":"https:\/\/pubeurope.com\/@fr\/117208150775034979","error":""},"_links":{"self":[{"href":"https:\/\/www.europesays.com\/fr\/wp-json\/wp\/v2\/posts\/1165240","targetHints":{"allow":["GET"]}}],"collection":[{"href":"https:\/\/www.europesays.com\/fr\/wp-json\/wp\/v2\/posts"}],"about":[{"href":"https:\/\/www.europesays.com\/fr\/wp-json\/wp\/v2\/types\/post"}],"author":[{"embeddable":true,"href":"https:\/\/www.europesays.com\/fr\/wp-json\/wp\/v2\/users\/2"}],"replies":[{"embeddable":true,"href":"https:\/\/www.europesays.com\/fr\/wp-json\/wp\/v2\/comments?post=1165240"}],"version-history":[{"count":0,"href":"https:\/\/www.europesays.com\/fr\/wp-json\/wp\/v2\/posts\/1165240\/revisions"}],"wp:featuredmedia":[{"embeddable":true,"href":"https:\/\/www.europesays.com\/fr\/wp-json\/wp\/v2\/media\/1165241"}],"wp:attachment":[{"href":"https:\/\/www.europesays.com\/fr\/wp-json\/wp\/v2\/media?parent=1165240"}],"wp:term":[{"taxonomy":"category","embeddable":true,"href":"https:\/\/www.europesays.com\/fr\/wp-json\/wp\/v2\/categories?post=1165240"},{"taxonomy":"post_tag","embeddable":true,"href":"https:\/\/www.europesays.com\/fr\/wp-json\/wp\/v2\/tags?post=1165240"}],"curies":[{"name":"wp","href":"https:\/\/api.w.org\/{rel}","templated":true}]}}