{"id":1165257,"date":"2026-09-03T17:03:15","date_gmt":"2026-09-03T17:03:15","guid":{"rendered":"https:\/\/www.europesays.com\/fr\/1165257\/"},"modified":"2026-09-03T17:03:15","modified_gmt":"2026-09-03T17:03:15","slug":"nancy-la-marque-de-vetements-aigle-ouvre-un-magasin-a-deux-pas-de-la-place-stanislas","status":"publish","type":"post","link":"https:\/\/www.europesays.com\/fr\/1165257\/","title":{"rendered":"Nancy : la marque de v\u00eatements Aigle ouvre un magasin \u00e0 deux pas de la place Stanislas"},"content":{"rendered":"<p>                    Par<br \/>\n        <strong><br \/>\n            <a href=\"https:\/\/actu.fr\/auteur\/pierre-emile-bouchy-actu-fr\" title=\"Consulter tous les articles de Paul-Emile Bouchy\" rel=\"nofollow noopener\" target=\"_blank\">Paul-Emile Bouchy<\/a><br \/>\n                    <\/strong><\/p>\n<p>        Publi\u00e9 le<\/p>\n<p>            3 sept. 2026 \u00e0 18h38        <\/p>\n<p>Comme <a href=\"https:\/\/actu.fr\/grand-est\/nancy_54395\/nancy-cette-celebre-marque-de-vetements-va-ouvrir-une-boutique-pres-de-la-place-stanislas_64087745.html\" rel=\"nofollow noopener\" target=\"_blank\">annonc\u00e9 en exclusivit\u00e9 en avril dernier<\/a> par\u00a0Lorraine Actu, <strong>la c\u00e9l\u00e8bre marque de v\u00eatements Aigle vient d\u2019ouvrir un nouveau magasin<\/strong> au c\u0153ur du centre-ville de <a href=\"https:\/\/actu.fr\/grand-est\/nancy_54395\" rel=\"nofollow noopener\" target=\"_blank\">Nancy<\/a> (Meurthe-et-Moselle). Il se trouve rue des Dominicains, \u00e0 seulement quelques m\u00e8tres de la <a href=\"https:\/\/actu.fr\/tag\/place-stanislas\" rel=\"nofollow noopener\" target=\"_blank\">place Stanislas<\/a>. On vous le fait d\u00e9couvrir.<\/p>\n<p>Des v\u00eatements pour l\u2019ext\u00e9rieur mais pas seulement<\/p>\n<p class=\" wall-content\">Fond\u00e9e en 1853, la marque fran\u00e7aise s\u2019est d\u2019abord fait conna\u00eetre pour <strong>ses bottes en caoutchouc et ses v\u00eatements robustes<\/strong> pour les sorties pluvieuses, voire boueuses. Si ce c\u00f4t\u00e9 pratique reste dans l\u2019ADN de la marque, il se conjugue \u00e0 une volont\u00e9 esth\u00e9tique afin de pouvoir porter ses habits tous les jours.<\/p>\n<p class=\" wall-content\">Dans le magasin nanc\u00e9ien, les clients peuvent y retrouver <strong>la nouvelle collection automne-hiver pour les hommes, les femmes et \u00e9galement les enfants<\/strong>\u2009: parkas, vestes, chemises, chaussures mais aussi des accessoires.<\/p>\n<blockquote class=\"tiktok-embed\" cite=\"https:\/\/www.tiktok.com\/@lorraine.actu\/video\/7681331173221518625\" data-video-id=\"7681331173221518625\" data-embed-from=\"oembed\" style=\"max-width:605px; min-width:325px;\"><p>\n<a target=\"_blank\" title=\"@lorraine.actu\" href=\"https:\/\/www.tiktok.com\/@lorraine.actu?refer=embed\" rel=\"nofollow noopener\">@lorraine.actu<\/a> <\/p>\n<p>Comme annonc\u00e9 en exclusivit\u00e9 en avril dernier par\u00a0Lorraine Actu, la c\u00e9l\u00e8bre marque de v\u00eatements Aigle vient d\u2019ouvrir un nouveau magasin au c\u0153ur du centre-ville de Nancy (Meurthe-et-Moselle). Il se trouve rue des Dominicains, \u00e0 seulement quelques m\u00e8tres de la place Stanislas. On vous le fait d\u00e9couvrir. Fond\u00e9e en 1853, la marque fran\u00e7aise s\u2019est d\u2019abord fait conna\u00eetre pour ses bottes en caoutchouc et ses v\u00eatements robustes pour les sorties pluvieuses, voire boueuses. Si ce c\u00f4t\u00e9 pratique reste dans l\u2019ADN de la marque, il se conjugue \u00e0 une volont\u00e9 esth\u00e9tique afin de pouvoir porter ses habits tous les jours. Dans le magasin nanc\u00e9ien, les clients peuvent y retrouver la nouvelle collection automne-hiver pour les hommes, les femmes et \u00e9galement les enfants\u2009: parkas, vestes, chemises, chaussures mais aussi des accessoires. Aigle pense \u00e0 vraiment tous les membres de la famille puisqu\u2019elle a d\u00e9velopp\u00e9 une gamme de v\u00eatements et d\u2019accessoires pour les chiens qui est disponible dans la boutique. Ce magasin est le deuxi\u00e8me de l\u2019enseigne en Lorraine, apr\u00e8s celui situ\u00e9 au centre commercial Marques Avenue \u00e0 Talange (Moselle). Il est ouvert le lundi (14h-19h) et du mardi au samedi (10h-13h \/ 14h-19h). <a title=\"commerce\" target=\"_blank\" href=\"https:\/\/www.tiktok.com\/tag\/commerce?refer=embed\" rel=\"nofollow noopener\">#commerce<\/a> <a title=\"nancy\" target=\"_blank\" href=\"https:\/\/www.tiktok.com\/tag\/nancy?refer=embed\" rel=\"nofollow noopener\">#nancy<\/a> <a title=\"mode\" target=\"_blank\" href=\"https:\/\/www.tiktok.com\/tag\/mode?refer=embed\" rel=\"nofollow noopener\">#mode<\/a> shopping@aigle <\/p>\n<p> <a target=\"_blank\" title=\"\u266c show me how - &lt;3\" href=\"https:\/\/www.tiktok.com\/music\/show-me-how-7118185058074397483?refer=embed\" rel=\"nofollow noopener\">\u266c show me how \u2013 &lt;3<\/a> <\/p>\n<\/blockquote>\n<p>Le deuxi\u00e8me magasin en Lorraine<\/p>\n<p class=\" wall-content\">Aigle pense \u00e0 vraiment tous les membres de la famille puisqu\u2019elle a d\u00e9velopp\u00e9 <strong>une gamme de v\u00eatements et d\u2019accessoires pour les chiens<\/strong> qui est disponible dans la boutique.<\/p>\n<p class=\" wall-content\">Ce magasin est le <strong>deuxi\u00e8me de l\u2019enseigne en Lorraine<\/strong>, apr\u00e8s celui situ\u00e9 au centre commercial Marques Avenue \u00e0 Talange (Moselle), qui est en revanche un magasin\u00a0outlet.<\/p>\n<blockquote class=\"ac-article-quote wall-content\">\n<p>Nancy nous est apparue comme une implantation particuli\u00e8rement coh\u00e9rente pour la marque. Aigle accompagne depuis toujours celles et ceux qui \u00e9voluent entre la ville et la nature, avec une offre pens\u00e9e pour diff\u00e9rents usages et diff\u00e9rentes m\u00e9t\u00e9os. La ville et son territoire b\u00e9n\u00e9ficient par ailleurs d\u2019une culture outdoor, avec une client\u00e8le qui correspond pleinement \u00e0 notre univers et \u00e0 notre positionnement.<\/p>\n<p>    <strong>La marque Aigle<\/strong>\n            <\/p><\/blockquote>\n<p class=\" wall-content\">Il est ouvert le lundi (14h-19h) et du mardi au samedi (10h-13h \/ 14h-19h).<\/p>\n<p class=\" wall-content\">Personnalisez votre actualit\u00e9 en ajoutant vos villes et m\u00e9dias en favori avec <a href=\"https:\/\/moncompte.actu.fr\" title=\"D\u00e9couvez Mon Actu\" rel=\"nofollow noopener\" data-trk=\"{&quot;cta&quot;:{&quot;action&quot;:&quot;https:\\\/\\\/moncompte.actu.fr&quot;,&quot;category&quot;:&quot;mon compte&quot;,&quot;from&quot;:&quot;article footer&quot;,&quot;name&quot;:&quot;Mon actu&quot;,&quot;type&quot;:&quot;cta&quot;}}\" target=\"_blank\">Mon Actu<\/a>.<\/p>\n<p>                    <script async src=\"\/\/www.tiktok.com\/embed.js\"><\/script><\/p>\n","protected":false},"excerpt":{"rendered":"Par Paul-Emile Bouchy Publi\u00e9 le 3 sept. 2026 \u00e0 18h38 Comme annonc\u00e9 en exclusivit\u00e9 en avril dernier par\u00a0Lorraine&hellip;\n","protected":false},"author":2,"featured_media":1165258,"comment_status":"","ping_status":"","sticky":false,"template":"","format":"standard","meta":{"footnotes":"","_share_on_mastodon":"0"},"categories":[9635],"tags":[1111,11,215,1777,674,1011,27,775,1702,12,3147,25,104],"class_list":["post-1165257","post","type-post","status-publish","format-standard","has-post-thumbnail","category-nancy","tag-actu","tag-actualites","tag-commerce","tag-eu","tag-europe","tag-fr","tag-france","tag-grand-est","tag-nancy","tag-news","tag-nouveaux-commerces","tag-republique-francaise","tag-societe"],"share_on_mastodon":{"url":"https:\/\/pubeurope.com\/@fr\/117208193961457418","error":""},"_links":{"self":[{"href":"https:\/\/www.europesays.com\/fr\/wp-json\/wp\/v2\/posts\/1165257","targetHints":{"allow":["GET"]}}],"collection":[{"href":"https:\/\/www.europesays.com\/fr\/wp-json\/wp\/v2\/posts"}],"about":[{"href":"https:\/\/www.europesays.com\/fr\/wp-json\/wp\/v2\/types\/post"}],"author":[{"embeddable":true,"href":"https:\/\/www.europesays.com\/fr\/wp-json\/wp\/v2\/users\/2"}],"replies":[{"embeddable":true,"href":"https:\/\/www.europesays.com\/fr\/wp-json\/wp\/v2\/comments?post=1165257"}],"version-history":[{"count":0,"href":"https:\/\/www.europesays.com\/fr\/wp-json\/wp\/v2\/posts\/1165257\/revisions"}],"wp:featuredmedia":[{"embeddable":true,"href":"https:\/\/www.europesays.com\/fr\/wp-json\/wp\/v2\/media\/1165258"}],"wp:attachment":[{"href":"https:\/\/www.europesays.com\/fr\/wp-json\/wp\/v2\/media?parent=1165257"}],"wp:term":[{"taxonomy":"category","embeddable":true,"href":"https:\/\/www.europesays.com\/fr\/wp-json\/wp\/v2\/categories?post=1165257"},{"taxonomy":"post_tag","embeddable":true,"href":"https:\/\/www.europesays.com\/fr\/wp-json\/wp\/v2\/tags?post=1165257"}],"curies":[{"name":"wp","href":"https:\/\/api.w.org\/{rel}","templated":true}]}}