{"id":116526,"date":"2025-05-21T09:35:14","date_gmt":"2025-05-21T09:35:14","guid":{"rendered":"https:\/\/www.europesays.com\/fr\/116526\/"},"modified":"2025-05-21T09:35:14","modified_gmt":"2025-05-21T09:35:14","slug":"biodiversite-papillons-et-balades-la-nature-en-fete-au-sud-de-nantes-du-21-au-25-mai","status":"publish","type":"post","link":"https:\/\/www.europesays.com\/fr\/116526\/","title":{"rendered":"Biodiversit\u00e9, papillons et balades : la nature en f\u00eate au sud de Nantes du 21 au 25 mai"},"content":{"rendered":"<p>Pendant quatre jours, du 21 au 25\u00a0mai 2025, place \u00e0 la d\u00e9couverte et \u00e0 la sensibilisation autour de la biodiversit\u00e9 locale gr\u00e2ce \u00e0 un programme m\u00ealant art, observation, balade et \u00e9changes, propos\u00e9 par les services municipaux et leurs partenaires. Un rendez-vous familial, ludique et inspirant, pour vivre la nature autrement <a href=\"https:\/\/www.ouest-france.fr\/recherche\/#!r\/requete=le%20bignon&amp;filtres%5Bsource%5D%5B0%5D=po&amp;sort=desc&amp;onglet=actualites\" rel=\"nofollow noopener\" target=\"_blank\">au Bignon<\/a>.<\/p>\n<p>Animations jeunesse<\/p>\n<p>Le 21\u00a0mai, le P\u00f4le Enfance Jeunesse propose un apr\u00e8s-midi d\u2019animations, de 14\u00a0h \u00e0 16\u00a0h, pour sensibiliser les plus jeunes \u00e0 la biodiversit\u00e9. \u00c0 la Cabane des S\u00e9quoias, les plus petits partiront \u00e0 la rencontre de la nature \u00e0 travers des activit\u00e9s d\u2019\u00e9veil et d\u2019exploration\u00a0: balades, jeux d\u2019observation, cr\u00e9ations naturelles\u2026 pour apprendre en s\u2019amusant et s\u2019\u00e9merveiller du vivant. Du c\u00f4t\u00e9 de l\u2019espace jeunes, des animations ludiques et participatives autour de la biodiversit\u00e9 seront propos\u00e9es, alliant r\u00e9flexion, cr\u00e9ativit\u00e9 et actions concr\u00e8tes en faveur de l\u2019environnement. Les animations sont propos\u00e9es sans suppl\u00e9ment aux enfants et adolescents accueillis ce jour-l\u00e0 dans les structures.<\/p>\n<p>Exposition photo naturaliste<\/p>\n<p>Papillons, insectes, salamandres\u2026 \u00c0 travers l\u2019objectif d\u2019un passionn\u00e9, Andr\u00e9 Fredouelle, la nature r\u00e9v\u00e8le ses tr\u00e9sors, souvent invisibles \u00e0 l\u2019\u0153il nu. Cette exposition propose un regard sensible et \u00e9tonnant sur la faune locale, entre beaut\u00e9, fragilit\u00e9 et diversit\u00e9.\u00a0L\u2019exposition jouera les prolongations jusqu\u2019au 27\u00a0juin. \u00c0 d\u00e9couvrir gratuitement \u00e0 l\u2019h\u00f4tel de ville, aux horaires d\u2019ouverture de la mairie.<\/p>\n<p><a href=\"https:\/\/saint-nazaire.maville.com\/actu\/actudet_-saint-brevin-les-pins.-la-fete-de-la-nature-valorise-les-ecosystemes-_8-6813693_actu.Htm\" rel=\"nofollow noopener\" target=\"_blank\">LIRE AUSSI\u00a0: Saint-Brevin-les-Pins. La f\u00eate de la Nature valorise les \u00e9cosyst\u00e8mes<\/a><\/p>\n<p>Le 24\u00a0mai, de 10\u00a0h \u00e0 12\u00a0h, rencontre avec le photographe qui partagera ses pratiques, ses sources d\u2019inspiration et les techniques qui lui permettent de capturer la nature dans toute sa richesse et sa sensibilit\u00e9. Comment approcher la faune sans la d\u00e9ranger\u00a0? Quel mat\u00e9riel privil\u00e9gier\u00a0? Quelle patience faut-il pour saisir l\u2019instant parfait\u00a0? Gratuit sur inscription.<\/p>\n<p>Infos pratiques Festival gratuit du 21 au 25\u00a0mai 2025 Tous publics &#8211; Famille Infos et r\u00e9servations\u00a0: 06\u00a083\u00a054\u00a060\u00a063 \u2013 atlasbiodiversite@mairielebignon.fr<\/p>\n<p>\u00a0<\/p>\n","protected":false},"excerpt":{"rendered":"Pendant quatre jours, du 21 au 25\u00a0mai 2025, place \u00e0 la d\u00e9couverte et \u00e0 la sensibilisation autour de&hellip;\n","protected":false},"author":2,"featured_media":116527,"comment_status":"","ping_status":"","sticky":false,"template":"","format":"standard","meta":{"footnotes":""},"categories":[2818],"tags":[22729,13204,1111,11,15570,1130,1777,674,4768,1011,27,2565,766,2742,12,23681,2636,25,7053],"class_list":{"0":"post-116526","1":"post","2":"type-post","3":"status-publish","4":"format-standard","5":"has-post-thumbnail","7":"category-nantes","8":"tag-22729","9":"tag-13204","10":"tag-actu","11":"tag-actualites","12":"tag-balades","13":"tag-biodiversite","14":"tag-eu","15":"tag-europe","16":"tag-fete","17":"tag-fr","18":"tag-france","19":"tag-mai","20":"tag-nantes","21":"tag-nature","22":"tag-news","23":"tag-papillons","24":"tag-pays-de-la-loire","25":"tag-republique-francaise","26":"tag-sud"},"share_on_mastodon":{"url":"https:\/\/pubeurope.com\/@fr\/114545146418838546","error":""},"_links":{"self":[{"href":"https:\/\/www.europesays.com\/fr\/wp-json\/wp\/v2\/posts\/116526","targetHints":{"allow":["GET"]}}],"collection":[{"href":"https:\/\/www.europesays.com\/fr\/wp-json\/wp\/v2\/posts"}],"about":[{"href":"https:\/\/www.europesays.com\/fr\/wp-json\/wp\/v2\/types\/post"}],"author":[{"embeddable":true,"href":"https:\/\/www.europesays.com\/fr\/wp-json\/wp\/v2\/users\/2"}],"replies":[{"embeddable":true,"href":"https:\/\/www.europesays.com\/fr\/wp-json\/wp\/v2\/comments?post=116526"}],"version-history":[{"count":0,"href":"https:\/\/www.europesays.com\/fr\/wp-json\/wp\/v2\/posts\/116526\/revisions"}],"wp:featuredmedia":[{"embeddable":true,"href":"https:\/\/www.europesays.com\/fr\/wp-json\/wp\/v2\/media\/116527"}],"wp:attachment":[{"href":"https:\/\/www.europesays.com\/fr\/wp-json\/wp\/v2\/media?parent=116526"}],"wp:term":[{"taxonomy":"category","embeddable":true,"href":"https:\/\/www.europesays.com\/fr\/wp-json\/wp\/v2\/categories?post=116526"},{"taxonomy":"post_tag","embeddable":true,"href":"https:\/\/www.europesays.com\/fr\/wp-json\/wp\/v2\/tags?post=116526"}],"curies":[{"name":"wp","href":"https:\/\/api.w.org\/{rel}","templated":true}]}}