{"id":1165269,"date":"2026-09-03T17:13:17","date_gmt":"2026-09-03T17:13:17","guid":{"rendered":"https:\/\/www.europesays.com\/fr\/1165269\/"},"modified":"2026-09-03T17:13:17","modified_gmt":"2026-09-03T17:13:17","slug":"metropole-de-grenoble-alban-ivanov-vient-presenter-en-avant-premiere-le-dernier-film-dans-lequel-il-joue","status":"publish","type":"post","link":"https:\/\/www.europesays.com\/fr\/1165269\/","title":{"rendered":"M\u00e9tropole de Grenoble. Alban Ivanov vient pr\u00e9senter\u00a0en avant-premi\u00e8re le dernier film dans lequel il joue"},"content":{"rendered":"<p>L&rsquo;humoriste, com\u00e9dien et acteur fran\u00e7ais Alban Ivanov sera pr\u00e9sent au cin\u00e9ma Path\u00e9 d&rsquo;\u00c9chirolles vendredi 11 septembre \u00e0 19h30, pour une avant-premi\u00e8re du film Justin le Juste, dans lequel il joue le personnage principal, un \u00ab\u00a0mis\u00e9rable paysan\u00a0\u00bb envoy\u00e9 \u00e0 la guerre en 1915 alors qu&rsquo;il n&rsquo;en a pas envie et qu&rsquo;il doit s&rsquo;occuper de ses champs. \u00ab\u00a0Sa rencontre avec Basile, un tirailleur s\u00e9n\u00e9galais, va lui ouvrir les yeux sur cette guerre qu\u2019il ne comprend pas.\u00a0C\u2019est avec lui qu\u2019il va se r\u00e9volter contre les injustices d\u2019un commandement absurde.\u00a0\u00bb Alban Ivanov sera accompagn\u00e9 \u00e0 \u00c9chirolles\u00a0du r\u00e9alisateur \u00c9ric Barbier. Le film sortira dans les salles obscures une dizaine de jours apr\u00e8s l&rsquo;avant-premi\u00e8re, le mercredi 23 septembre.<\/p>\n","protected":false},"excerpt":{"rendered":"L&rsquo;humoriste, com\u00e9dien et acteur fran\u00e7ais Alban Ivanov sera pr\u00e9sent au cin\u00e9ma Path\u00e9 d&rsquo;\u00c9chirolles vendredi 11 septembre \u00e0 19h30,&hellip;\n","protected":false},"author":2,"featured_media":1165270,"comment_status":"","ping_status":"","sticky":false,"template":"","format":"standard","meta":{"footnotes":"","_share_on_mastodon":"0"},"categories":[9566],"tags":[1111,11,2430,650,1687,9852,9853,112,1777,674,1011,27,2731,2732,12,973,25,104],"class_list":["post-1165269","post","type-post","status-publish","format-standard","has-post-thumbnail","category-grenoble","tag-actu","tag-actualites","tag-auvergne-rhone-alpes","tag-cinema","tag-culture-loisirs","tag-echirolles","tag-echirolles-bassin","tag-edition-grenoble-agglomeration","tag-eu","tag-europe","tag-fr","tag-france","tag-grenoble","tag-grenoble-bassin","tag-news","tag-people","tag-republique-francaise","tag-societe"],"share_on_mastodon":{"url":"https:\/\/pubeurope.com\/@fr\/117208233303113954","error":""},"_links":{"self":[{"href":"https:\/\/www.europesays.com\/fr\/wp-json\/wp\/v2\/posts\/1165269","targetHints":{"allow":["GET"]}}],"collection":[{"href":"https:\/\/www.europesays.com\/fr\/wp-json\/wp\/v2\/posts"}],"about":[{"href":"https:\/\/www.europesays.com\/fr\/wp-json\/wp\/v2\/types\/post"}],"author":[{"embeddable":true,"href":"https:\/\/www.europesays.com\/fr\/wp-json\/wp\/v2\/users\/2"}],"replies":[{"embeddable":true,"href":"https:\/\/www.europesays.com\/fr\/wp-json\/wp\/v2\/comments?post=1165269"}],"version-history":[{"count":0,"href":"https:\/\/www.europesays.com\/fr\/wp-json\/wp\/v2\/posts\/1165269\/revisions"}],"wp:featuredmedia":[{"embeddable":true,"href":"https:\/\/www.europesays.com\/fr\/wp-json\/wp\/v2\/media\/1165270"}],"wp:attachment":[{"href":"https:\/\/www.europesays.com\/fr\/wp-json\/wp\/v2\/media?parent=1165269"}],"wp:term":[{"taxonomy":"category","embeddable":true,"href":"https:\/\/www.europesays.com\/fr\/wp-json\/wp\/v2\/categories?post=1165269"},{"taxonomy":"post_tag","embeddable":true,"href":"https:\/\/www.europesays.com\/fr\/wp-json\/wp\/v2\/tags?post=1165269"}],"curies":[{"name":"wp","href":"https:\/\/api.w.org\/{rel}","templated":true}]}}