{"id":1165271,"date":"2026-09-03T17:14:14","date_gmt":"2026-09-03T17:14:14","guid":{"rendered":"https:\/\/www.europesays.com\/fr\/1165271\/"},"modified":"2026-09-03T17:14:14","modified_gmt":"2026-09-03T17:14:14","slug":"une-histoire-qui-promet-detre-sympa-comment-orange-veut-relancer-la-pepite-bretonne-obvios","status":"publish","type":"post","link":"https:\/\/www.europesays.com\/fr\/1165271\/","title":{"rendered":"\u00ab\u00a0Une histoire qui promet d\u2019\u00eatre sympa\u00a0\u00bb\u00a0: comment Orange veut relancer la p\u00e9pite bretonne Obvios"},"content":{"rendered":"<p>\u00ab C\u2019est une histoire qui promet d\u2019\u00eatre sympa. \u00bb Des mots simples, qui r\u00e9sument toute l\u2019ambition de Jean-Louis Le Roux, directeur des r\u00e9seaux internationaux chez Orange, pour l\u2019entreprise bretonne Obvios, que <a href=\"https:\/\/www.letelegramme.fr\/economie\/orange-reprend-lentreprise-bretonne-obvios-mais-pas-tous-ses-salaries-7089097.php\" target=\"_blank\" rel=\"nofollow noopener\">le groupe a repris<\/a> le 1er ao\u00fbt \u00e0 la barre du tribunal de commerce de Rennes. \u00ab C\u2019est une fiert\u00e9 de reprendre cette p\u00e9pite qui n\u2019a pas encore trouv\u00e9 son march\u00e9. Il y a une opportunit\u00e9 pour la relancer, l\u2019industrialiser et utiliser la puissance commerciale d\u2019Orange pour la d\u00e9velopper. \u00bb<\/p>\n<p>L\u2019histoire d\u2019Obvios, install\u00e9e entre Rennes et Lannion, n\u2019a <a href=\"https:\/\/www.letelegramme.fr\/economie\/inquietudes-chez-obvios-le-specialiste-breton-de-la-5g-privee-7007844.php\" target=\"_blank\" rel=\"nofollow noopener\">pas \u00e9t\u00e9 un long fleuve tranquille<\/a>. Lanc\u00e9e en 2023, cette \u00e9manation de l\u2019institut de recherche B-Com a \u00e9t\u00e9 cr\u00e9\u00e9e pour commercialiser une technologie innovante permettant de d\u00e9ployer rapidement et n\u2019importe o\u00f9 des r\u00e9seaux de communication de 5G priv\u00e9s ultra-s\u00e9curis\u00e9s. Un march\u00e9 encore naissant, o\u00f9 la soci\u00e9t\u00e9 a vie \u00e9t\u00e9 confront\u00e9e \u00e0 des niveaux de ventes ne permettant pas de couvrir ses d\u00e9penses. Pendant trois exercices, B-Com a bouch\u00e9 les trous, avant de finir par demander le placement de sa filiale en proc\u00e9dure de sauvegarde en avril puis en <a href=\"https:\/\/www.letelegramme.fr\/economie\/redressement-judiciaire-pour-lentreprise-bretonne-obvios-orange-sur-les-rangs-pour-une-reprise-7081175.php\" target=\"_blank\" rel=\"nofollow noopener\">redressement judiciaire<\/a> en juin.<\/p>\n<p>La d\u00e9fense dans le viseur<\/p>\n<p>C\u2019est dans ce cadre qu\u2019Orange s\u2019est positionn\u00e9 et a \u00e9t\u00e9 retenu pour reprendre la technologie d\u2019Obvios ainsi que 18 des 42 salari\u00e9s en poste au moment du placement en redressement. \u00ab Nous avons int\u00e9gr\u00e9 sept experts \u00e0 Lannion et 11 \u00e0 Rennes \u00bb, indique Jean-Louis Le Roux, qui pr\u00e9cise que 16 salari\u00e9s non repris (RH, finances\u2026) ont la priorit\u00e9, pendant un an, sur des postes correspondant \u00e0 leurs comp\u00e9tences au sein du groupe Orange.<\/p>\n<p>Pour la suite, le g\u00e9ant des t\u00e9l\u00e9coms se laisse six mois pour int\u00e9grer le produit d\u2019Obvios \u00e0 son catalogue et partir \u00e0 la conqu\u00eate de nouveaux clients. Du fait du degr\u00e9 de s\u00e9curit\u00e9 de la solution, les acteurs de la d\u00e9fense, l\u2019un des piliers du plan strat\u00e9gique d\u2019Orange \u00e0 l\u2019horizon 2030, seront vis\u00e9s en priorit\u00e9, mais aussi les infrastructures critiques (ports, a\u00e9roports, sites industriels, centrales nucl\u00e9aires\u2026). Et Jean-Louis Le Roux de pr\u00e9ciser : \u00ab Nous avons l\u2019ambition d\u2019aller voir d\u2019autres pays en Europe que la France. \u00bb<\/p>\n","protected":false},"excerpt":{"rendered":"\u00ab C\u2019est une histoire qui promet d\u2019\u00eatre sympa. \u00bb Des mots simples, qui r\u00e9sument toute l\u2019ambition de Jean-Louis&hellip;\n","protected":false},"author":2,"featured_media":1165272,"comment_status":"","ping_status":"","sticky":false,"template":"","format":"standard","meta":{"footnotes":"","_share_on_mastodon":"0"},"categories":[2821],"tags":[1111,11,829,33,96513,257,1777,674,1011,27,848,5862,12,738,584,25,81869],"class_list":["post-1165271","post","type-post","status-publish","format-standard","has-post-thumbnail","category-rennes","tag-actu","tag-actualites","tag-bretagne","tag-economie","tag-en-continu-economie","tag-entreprise","tag-eu","tag-europe","tag-fr","tag-france","tag-ille-et-vilaine","tag-lannion","tag-news","tag-orange","tag-rennes","tag-republique-francaise","tag-tech-startup"],"share_on_mastodon":{"url":"https:\/\/pubeurope.com\/@fr\/117208237093564641","error":""},"_links":{"self":[{"href":"https:\/\/www.europesays.com\/fr\/wp-json\/wp\/v2\/posts\/1165271","targetHints":{"allow":["GET"]}}],"collection":[{"href":"https:\/\/www.europesays.com\/fr\/wp-json\/wp\/v2\/posts"}],"about":[{"href":"https:\/\/www.europesays.com\/fr\/wp-json\/wp\/v2\/types\/post"}],"author":[{"embeddable":true,"href":"https:\/\/www.europesays.com\/fr\/wp-json\/wp\/v2\/users\/2"}],"replies":[{"embeddable":true,"href":"https:\/\/www.europesays.com\/fr\/wp-json\/wp\/v2\/comments?post=1165271"}],"version-history":[{"count":0,"href":"https:\/\/www.europesays.com\/fr\/wp-json\/wp\/v2\/posts\/1165271\/revisions"}],"wp:featuredmedia":[{"embeddable":true,"href":"https:\/\/www.europesays.com\/fr\/wp-json\/wp\/v2\/media\/1165272"}],"wp:attachment":[{"href":"https:\/\/www.europesays.com\/fr\/wp-json\/wp\/v2\/media?parent=1165271"}],"wp:term":[{"taxonomy":"category","embeddable":true,"href":"https:\/\/www.europesays.com\/fr\/wp-json\/wp\/v2\/categories?post=1165271"},{"taxonomy":"post_tag","embeddable":true,"href":"https:\/\/www.europesays.com\/fr\/wp-json\/wp\/v2\/tags?post=1165271"}],"curies":[{"name":"wp","href":"https:\/\/api.w.org\/{rel}","templated":true}]}}