{"id":116528,"date":"2025-05-21T09:36:14","date_gmt":"2025-05-21T09:36:14","guid":{"rendered":"https:\/\/www.europesays.com\/fr\/116528\/"},"modified":"2025-05-21T09:36:14","modified_gmt":"2025-05-21T09:36:14","slug":"tout-juste-vire-de-nantes-antoine-kombouare-retrouve-un-poste-de-consultant-tele-c1-finale-psg-inter-milan","status":"publish","type":"post","link":"https:\/\/www.europesays.com\/fr\/116528\/","title":{"rendered":"Tout juste vir\u00e9 de Nantes, Antoine Kombouar\u00e9 retrouve un poste de consultant t\u00e9l\u00e9 &#8211; C1 &#8211; Finale &#8211; PSG-Inter Milan"},"content":{"rendered":"<p>L\u2019art du rebond.<\/p>\n<p><a target=\"_blank\" href=\"https:\/\/www.sofoot.com\/breves\/nantes-se-separe-dantoine-kombouare\" rel=\"nofollow noopener\">\u00c9ject\u00e9 du banc nantais<\/a>, <strong>Antoine Kombouar\u00e9<\/strong> n\u2019aura pas le temps de trop gamberger. Casque d\u2019Or s\u2019offre un come-back <a target=\"_blank\" href=\"https:\/\/www.sofoot.com\/articles\/la-vraie-histoire-de-casque-dor-c1-j3-gr-b-anderlecht-psg\" rel=\"nofollow noopener\">aussi soudain que symbolique<\/a> : <strong>il sera au micro de M6 pour commenter la finale de Ligue des champions entre le PSG et l\u2019Inter<\/strong>, le 31 mai prochain, depuis Munich, <a target=\"_blank\" href=\"https:\/\/www.lequipe.fr\/Medias\/Actualites\/Antoine-kombouare-au-commentaire-de-la-finale-de-la-ligue-des-champions-sur-m6\/1563388\" rel=\"nofollow noopener\">selon L\u2019\u00c9quipe<\/a>. Kombouar\u00e9 conna\u00eet la chanson : <strong>ex-d\u00e9fenseur du PSG entre 1990 et 1995<\/strong>, entra\u00eeneur du club de 2009 \u00e0 2011, et consultant quand le t\u00e9l\u00e9phone ne sonnait plus, notamment sur Amazon Prime.<\/p>\n<p>Celui qui a plant\u00e9 de la t\u00eate <a target=\"_blank\" href=\"https:\/\/www.dailymotion.com\/video\/x4wic4b\" rel=\"nofollow noopener\">l\u2019un des buts les plus l\u00e9gendaires<\/a> de l\u2019histoire du club parisien posera sa voix <strong>aux c\u00f4t\u00e9s du commentateur phare de M6, Xavier Domergue<\/strong>. Carine Galli sera elle en bord terrain. Un trio plut\u00f4t inattendu pour une finale potentiellement historique pour le football fran\u00e7ais.<\/p>\n<p>Une flop\u00e9e de l\u00e9gendes parisiennes pour l\u2019avant-match<\/p>\n<p>En amont de la rencontre, <strong>la cha\u00eene a d\u00e9cid\u00e9 de confier les r\u00eanes de l\u2019avant-match \u00e0 Oph\u00e9lie Meunier<\/strong>. D\u00e8s 19h25, la pr\u00e9sentatrice de Zone Interdite, par ailleurs grande supportrice du Paris Saint-Germain, sera en direct depuis l\u2019Allianz Arena de Munich pour animer la soir\u00e9e.<\/p>\n<p>Elle sera entour\u00e9e d\u2019une \u00e9quipe de sp\u00e9cialistes, dont le journaliste Sma\u00efl Bouabdellah, ainsi que <strong>plusieurs figures famili\u00e8res des supporters parisiens<\/strong> : Luis Fernandez, exceptionnellement pr\u00e9sent gr\u00e2ce \u00e0 un accord avec beIN Sports, Youri Djorkaeff, qui a port\u00e9 les couleurs des deux finalistes, et l\u2019ancien capitaine embl\u00e9matique <a target=\"_blank\" href=\"https:\/\/www.sofoot.com\/breves\/la-legende-rai-organise-une-soiree-de-danse-bresilienne-a-paris\" rel=\"nofollow noopener\">Rai<\/a>.<\/p>\n<p>Et si Waldemar Kita ne veut vraiment pas entendre son ancien coach, il pourra aussi opter pour Canal+.<\/p>\n<p>\t\t\t\t\t\t\t\t\t\t<a class=\"lien-connexe\" href=\"https:\/\/www.sofoot.com\/articles\/si-je-revends-mes-deux-places-6000-euros-lenfer-de-la-billetterie-pour-psg-inter-en-finale-de-ligue-des-champions\" rel=\"nofollow noopener\" target=\"_blank\">\u00ab\u202fSi je revends mes deux places 6000 euros&#8230; \u00bb : l&rsquo;enfer de la billetterie pour PSG-Inter<\/a>\t\t\t\t\t<\/p>\n","protected":false},"excerpt":{"rendered":"L\u2019art du rebond. \u00c9ject\u00e9 du banc nantais, Antoine Kombouar\u00e9 n\u2019aura pas le temps de trop gamberger. Casque d\u2019Or&hellip;\n","protected":false},"author":2,"featured_media":116529,"comment_status":"","ping_status":"","sticky":false,"template":"","format":"standard","meta":{"footnotes":""},"categories":[2818],"tags":[1111,47,11,61,69,65,64,1777,674,63,1011,27,68,66,766,12,62,2636,70,25,67],"class_list":{"0":"post-116528","1":"post","2":"type-post","3":"status-publish","4":"format-standard","5":"has-post-thumbnail","7":"category-nantes","8":"tag-actu","9":"tag-actualite","10":"tag-actualites","11":"tag-actus-football","12":"tag-bundesliga","13":"tag-championnats-europeens","14":"tag-equipe-de-france","15":"tag-eu","16":"tag-europe","17":"tag-football","18":"tag-fr","19":"tag-france","20":"tag-ligua","21":"tag-ligue-1","22":"tag-nantes","23":"tag-news","24":"tag-news-foot","25":"tag-pays-de-la-loire","26":"tag-premier-league","27":"tag-republique-francaise","28":"tag-serie-a"},"share_on_mastodon":{"url":"https:\/\/pubeurope.com\/@fr\/114545150070924272","error":""},"_links":{"self":[{"href":"https:\/\/www.europesays.com\/fr\/wp-json\/wp\/v2\/posts\/116528","targetHints":{"allow":["GET"]}}],"collection":[{"href":"https:\/\/www.europesays.com\/fr\/wp-json\/wp\/v2\/posts"}],"about":[{"href":"https:\/\/www.europesays.com\/fr\/wp-json\/wp\/v2\/types\/post"}],"author":[{"embeddable":true,"href":"https:\/\/www.europesays.com\/fr\/wp-json\/wp\/v2\/users\/2"}],"replies":[{"embeddable":true,"href":"https:\/\/www.europesays.com\/fr\/wp-json\/wp\/v2\/comments?post=116528"}],"version-history":[{"count":0,"href":"https:\/\/www.europesays.com\/fr\/wp-json\/wp\/v2\/posts\/116528\/revisions"}],"wp:featuredmedia":[{"embeddable":true,"href":"https:\/\/www.europesays.com\/fr\/wp-json\/wp\/v2\/media\/116529"}],"wp:attachment":[{"href":"https:\/\/www.europesays.com\/fr\/wp-json\/wp\/v2\/media?parent=116528"}],"wp:term":[{"taxonomy":"category","embeddable":true,"href":"https:\/\/www.europesays.com\/fr\/wp-json\/wp\/v2\/categories?post=116528"},{"taxonomy":"post_tag","embeddable":true,"href":"https:\/\/www.europesays.com\/fr\/wp-json\/wp\/v2\/tags?post=116528"}],"curies":[{"name":"wp","href":"https:\/\/api.w.org\/{rel}","templated":true}]}}